{"id":1459,"date":"2022-07-18T12:28:12","date_gmt":"2022-07-18T10:28:12","guid":{"rendered":"https:\/\/www.ibsasailing.com\/?p=1459"},"modified":"2024-12-19T14:31:28","modified_gmt":"2024-12-19T13:31:28","slug":"voile-inclusive-le-partenariat-avec-la-societe-des-regates-dantibes","status":"publish","type":"post","link":"https:\/\/www.ibsasailing.com\/fr\/voile-inclusive-le-partenariat-avec-la-societe-des-regates-dantibes\/","title":{"rendered":"VOILE INCLUSIVE\u00a0\u2013 Le partenariat avec la Soci\u00e9t\u00e9 des R\u00e9gates d\u2019Antibes"},"content":{"rendered":"<p>La Soci\u00e9t\u00e9 des R\u00e9gates d\u2019Antibes, l\u2019une des plus anciennes de France, participe au projet IBSA <em>Sailing Into the Future. Together<\/em>. Ce club prestigieux, qui joue un r\u00f4le central dans l\u2019histoire de la voile fran\u00e7aise et<\/p>\n<p>La Soci\u00e9t\u00e9 des R\u00e9gates d\u2019Antibes, l\u2019une des plus anciennes de France, participe au projet IBSA <em>Sailing Into the Future. Together<\/em>. Ce club prestigieux, qui joue un r\u00f4le central dans l\u2019histoire de la voile fran\u00e7aise et m\u00e9diterran\u00e9enne depuis la fin du XIX<sup>e<\/sup>&nbsp;si\u00e8cle, est en effet l\u2019une des entit\u00e9s auxquelles IBSA a d\u00e9cid\u00e9 de faire don de deux bateaux Hansa&nbsp;303, sp\u00e9cialement con\u00e7us pour les personnes en situation d\u2019handicap. Les bateaux seront utilis\u00e9s dans le cadre des deux principales activit\u00e9s du club&nbsp;: le projet scolaire r\u00e9gional&nbsp;\u2013 qui, avant le partenariat avec IBSA, excluait les enfants en situation d\u2019handicap&nbsp;\u2013 et les activit\u00e9s li\u00e9es au projet <em>Handi Voile&nbsp;06<\/em> lanc\u00e9 en 2006.<\/p>\n<p>La r\u00e9gion m\u00e9diterran\u00e9enne de la France est auteur, depuis de nombreuses ann\u00e9es, d\u2019un projet scolaire li\u00e9 au monde de la voile&nbsp;: chaque ann\u00e9e, des milliers de jeunes participent aux initiatives du Club pour se rapprocher de ce sport. \u00ab&nbsp;<em>Avant le partenariat avec IBSA<\/em>&nbsp;\u2013 <strong>explique Alain Venturi, pr\u00e9sident de la Soci\u00e9t\u00e9 des R\u00e9gates d\u2019Antibes<\/strong>&nbsp;\u2013 <em>les classes avec des personnes en situation d\u2019handicap ne participaient pas \u00e0 l\u2019initiative<\/em>.<em> D\u00e9sormais, gr\u00e2ce \u00e0 IBSA, m\u00eame les jeunes en situation d\u2019handicap pourront participer \u00e0 l\u2019initiative en toute s\u00e9curit\u00e9 et nous en sommes tr\u00e8s fiers<\/em>&nbsp;\u00bb.<\/p>\n<p>Les deux embarcations Hansa&nbsp;303, parfaites pour faire naviguer m\u00eame les plus jeunes enfants, rejoignent la vaste flotte de bateaux pour personnes en situation d\u2019handicap du Club. \u00c0 ceux\u2011ci s\u2019ajoutent \u00e9galement trois trimarans et un bateau cabine, des embarcations qui permettent \u00e0 la Soci\u00e9t\u00e9 des R\u00e9gates d\u2019Antibes d\u2019organiser des \u00e9v\u00e9nements nationaux consacr\u00e9s \u00e0 la voile pour les personnes handicap\u00e9es et d\u2019\u00eatre le point de r\u00e9f\u00e9rence pour plus de vingt associations et plus de 250&nbsp;sessions d\u2019entra\u00eenement chaque saison.<\/p>\n<p>Les activit\u00e9s men\u00e9es par la Soci\u00e9t\u00e9 des R\u00e9gates d\u2019Antibes refl\u00e8tent parfaitement les valeurs auxquelles IBSA croit et qu\u2019elle livre au moyen de ce projet. La voile inclusive, en effet, r\u00e9unit des r\u00e9alit\u00e9s diff\u00e9rentes mais unies par les m\u00eames objectifs et par un mot aussi simple que puissant&nbsp;: l\u2019adverbe&nbsp;ensemble, symbole d\u2019une mission commune dont IBSA est fi\u00e8re de ternir la barre.<\/p>\n<p>&nbsp;<\/p>\n","protected":false},"excerpt":{"rendered":"<p>La Soci\u00e9t\u00e9 des R\u00e9gates d\u2019Antibes, l\u2019une des plus anciennes de France, participe au projet IBSA Sailing Into the Future. Together. Ce club prestigieux, qui joue un r\u00f4le central dans l\u2019histoire de la voile fran\u00e7aise et La Soci\u00e9t\u00e9 des R\u00e9gates d\u2019Antibes, l\u2019une des plus anciennes de France, participe au projet IBSA Sailing Into the Future. Together. [&hellip;]<\/p>\n","protected":false},"author":5,"featured_media":1455,"comment_status":"closed","ping_status":"closed","sticky":false,"template":"","format":"standard","meta":{"_acf_changed":false,"ngg_post_thumbnail":0,"footnotes":""},"categories":[264,48],"tags":[],"class_list":["post-1459","post","type-post","status-publish","format-standard","has-post-thumbnail","hentry","category-vela-francia-fr","category-inclusiva-fr"],"acf":[],"yoast_head":"<!-- This site is optimized with the Yoast SEO plugin v24.3 - https:\/\/yoast.com\/wordpress\/plugins\/seo\/ -->\n<title>VOILE INCLUSIVE\u00a0\u2013 Le partenariat avec la Soci\u00e9t\u00e9 des R\u00e9gates d\u2019Antibes - IBSA Sailing<\/title>\n<meta name=\"robots\" content=\"index, follow, max-snippet:-1, max-image-preview:large, max-video-preview:-1\" \/>\n<link rel=\"canonical\" href=\"https:\/\/www.ibsasailing.com\/fr\/voile-inclusive-le-partenariat-avec-la-societe-des-regates-dantibes\/\" \/>\n<meta property=\"og:locale\" content=\"fr_FR\" \/>\n<meta property=\"og:type\" content=\"article\" \/>\n<meta property=\"og:title\" content=\"VOILE INCLUSIVE\u00a0\u2013 Le partenariat avec la Soci\u00e9t\u00e9 des R\u00e9gates d\u2019Antibes - IBSA Sailing\" \/>\n<meta property=\"og:description\" content=\"La Soci\u00e9t\u00e9 des R\u00e9gates d\u2019Antibes, l\u2019une des plus anciennes de France, participe au projet IBSA Sailing Into the Future. Together. Ce club prestigieux, qui joue un r\u00f4le central dans l\u2019histoire de la voile fran\u00e7aise et La Soci\u00e9t\u00e9 des R\u00e9gates d\u2019Antibes, l\u2019une des plus anciennes de France, participe au projet IBSA Sailing Into the Future. Together. [&hellip;]\" \/>\n<meta property=\"og:url\" content=\"https:\/\/www.ibsasailing.com\/fr\/voile-inclusive-le-partenariat-avec-la-societe-des-regates-dantibes\/\" \/>\n<meta property=\"og:site_name\" content=\"IBSA Sailing\" \/>\n<meta property=\"article:publisher\" content=\"https:\/\/www.facebook.com\/ibsapharma\/\" \/>\n<meta property=\"article:published_time\" content=\"2022-07-18T10:28:12+00:00\" \/>\n<meta property=\"article:modified_time\" content=\"2024-12-19T13:31:28+00:00\" \/>\n<meta property=\"og:image\" content=\"https:\/\/www.ibsasailing.com\/wp-content\/uploads\/2022\/07\/278415181_5075440115869116_1553031771407206903_n.jpg\" \/>\n\t<meta property=\"og:image:width\" content=\"2048\" \/>\n\t<meta property=\"og:image:height\" content=\"1152\" \/>\n\t<meta property=\"og:image:type\" content=\"image\/jpeg\" \/>\n<meta name=\"author\" content=\"Ornella\" \/>\n<meta name=\"twitter:card\" content=\"summary_large_image\" \/>\n<meta name=\"twitter:label1\" content=\"\u00c9crit par\" \/>\n\t<meta name=\"twitter:data1\" content=\"Ornella\" \/>\n\t<meta name=\"twitter:label2\" content=\"Dur\u00e9e de lecture estim\u00e9e\" \/>\n\t<meta name=\"twitter:data2\" content=\"3 minutes\" \/>\n<script type=\"application\/ld+json\" class=\"yoast-schema-graph\">{\"@context\":\"https:\/\/schema.org\",\"@graph\":[{\"@type\":\"Article\",\"@id\":\"https:\/\/www.ibsasailing.com\/fr\/voile-inclusive-le-partenariat-avec-la-societe-des-regates-dantibes\/#article\",\"isPartOf\":{\"@id\":\"https:\/\/www.ibsasailing.com\/fr\/voile-inclusive-le-partenariat-avec-la-societe-des-regates-dantibes\/\"},\"author\":{\"name\":\"Ornella\",\"@id\":\"https:\/\/www.ibsasailing.com\/#\/schema\/person\/02f89a6839fa96270a63293d7ac29f01\"},\"headline\":\"VOILE INCLUSIVE\u00a0\u2013 Le partenariat avec la Soci\u00e9t\u00e9 des R\u00e9gates d\u2019Antibes\",\"datePublished\":\"2022-07-18T10:28:12+00:00\",\"dateModified\":\"2024-12-19T13:31:28+00:00\",\"mainEntityOfPage\":{\"@id\":\"https:\/\/www.ibsasailing.com\/fr\/voile-inclusive-le-partenariat-avec-la-societe-des-regates-dantibes\/\"},\"wordCount\":469,\"publisher\":{\"@id\":\"https:\/\/www.ibsasailing.com\/#organization\"},\"image\":{\"@id\":\"https:\/\/www.ibsasailing.com\/fr\/voile-inclusive-le-partenariat-avec-la-societe-des-regates-dantibes\/#primaryimage\"},\"thumbnailUrl\":\"https:\/\/www.ibsasailing.com\/wp-content\/uploads\/2022\/07\/278415181_5075440115869116_1553031771407206903_n.jpg\",\"articleSection\":[\"Vela inclusiva Francia\",\"Voile Solidaire\"],\"inLanguage\":\"fr-FR\"},{\"@type\":\"WebPage\",\"@id\":\"https:\/\/www.ibsasailing.com\/fr\/voile-inclusive-le-partenariat-avec-la-societe-des-regates-dantibes\/\",\"url\":\"https:\/\/www.ibsasailing.com\/fr\/voile-inclusive-le-partenariat-avec-la-societe-des-regates-dantibes\/\",\"name\":\"VOILE INCLUSIVE\u00a0\u2013 Le partenariat avec la Soci\u00e9t\u00e9 des R\u00e9gates d\u2019Antibes - IBSA Sailing\",\"isPartOf\":{\"@id\":\"https:\/\/www.ibsasailing.com\/#website\"},\"primaryImageOfPage\":{\"@id\":\"https:\/\/www.ibsasailing.com\/fr\/voile-inclusive-le-partenariat-avec-la-societe-des-regates-dantibes\/#primaryimage\"},\"image\":{\"@id\":\"https:\/\/www.ibsasailing.com\/fr\/voile-inclusive-le-partenariat-avec-la-societe-des-regates-dantibes\/#primaryimage\"},\"thumbnailUrl\":\"https:\/\/www.ibsasailing.com\/wp-content\/uploads\/2022\/07\/278415181_5075440115869116_1553031771407206903_n.jpg\",\"datePublished\":\"2022-07-18T10:28:12+00:00\",\"dateModified\":\"2024-12-19T13:31:28+00:00\",\"breadcrumb\":{\"@id\":\"https:\/\/www.ibsasailing.com\/fr\/voile-inclusive-le-partenariat-avec-la-societe-des-regates-dantibes\/#breadcrumb\"},\"inLanguage\":\"fr-FR\",\"potentialAction\":[{\"@type\":\"ReadAction\",\"target\":[\"https:\/\/www.ibsasailing.com\/fr\/voile-inclusive-le-partenariat-avec-la-societe-des-regates-dantibes\/\"]}]},{\"@type\":\"ImageObject\",\"inLanguage\":\"fr-FR\",\"@id\":\"https:\/\/www.ibsasailing.com\/fr\/voile-inclusive-le-partenariat-avec-la-societe-des-regates-dantibes\/#primaryimage\",\"url\":\"https:\/\/www.ibsasailing.com\/wp-content\/uploads\/2022\/07\/278415181_5075440115869116_1553031771407206903_n.jpg\",\"contentUrl\":\"https:\/\/www.ibsasailing.com\/wp-content\/uploads\/2022\/07\/278415181_5075440115869116_1553031771407206903_n.jpg\",\"width\":2048,\"height\":1152},{\"@type\":\"BreadcrumbList\",\"@id\":\"https:\/\/www.ibsasailing.com\/fr\/voile-inclusive-le-partenariat-avec-la-societe-des-regates-dantibes\/#breadcrumb\",\"itemListElement\":[{\"@type\":\"ListItem\",\"position\":1,\"name\":\"Home\",\"item\":\"https:\/\/www.ibsasailing.com\/fr\/\"},{\"@type\":\"ListItem\",\"position\":2,\"name\":\"VOILE INCLUSIVE\u00a0\u2013 Le partenariat avec la Soci\u00e9t\u00e9 des R\u00e9gates d\u2019Antibes\"}]},{\"@type\":\"WebSite\",\"@id\":\"https:\/\/www.ibsasailing.com\/#website\",\"url\":\"https:\/\/www.ibsasailing.com\/\",\"name\":\"IBSA Sailing\",\"description\":\"Sailing into the Future. Together\",\"publisher\":{\"@id\":\"https:\/\/www.ibsasailing.com\/#organization\"},\"potentialAction\":[{\"@type\":\"SearchAction\",\"target\":{\"@type\":\"EntryPoint\",\"urlTemplate\":\"https:\/\/www.ibsasailing.com\/?s={search_term_string}\"},\"query-input\":{\"@type\":\"PropertyValueSpecification\",\"valueRequired\":true,\"valueName\":\"search_term_string\"}}],\"inLanguage\":\"fr-FR\"},{\"@type\":\"Organization\",\"@id\":\"https:\/\/www.ibsasailing.com\/#organization\",\"name\":\"IBSA Sailing\",\"url\":\"https:\/\/www.ibsasailing.com\/\",\"logo\":{\"@type\":\"ImageObject\",\"inLanguage\":\"fr-FR\",\"@id\":\"https:\/\/www.ibsasailing.com\/#\/schema\/logo\/image\/\",\"url\":\"https:\/\/www.ibsasailing.com\/wp-content\/uploads\/2022\/11\/IBSA_RdR_StartDay40-1-scaled.jpg\",\"contentUrl\":\"https:\/\/www.ibsasailing.com\/wp-content\/uploads\/2022\/11\/IBSA_RdR_StartDay40-1-scaled.jpg\",\"width\":2560,\"height\":1523,\"caption\":\"IBSA Sailing\"},\"image\":{\"@id\":\"https:\/\/www.ibsasailing.com\/#\/schema\/logo\/image\/\"},\"sameAs\":[\"https:\/\/www.facebook.com\/ibsapharma\/\"]},{\"@type\":\"Person\",\"@id\":\"https:\/\/www.ibsasailing.com\/#\/schema\/person\/02f89a6839fa96270a63293d7ac29f01\",\"name\":\"Ornella\",\"image\":{\"@type\":\"ImageObject\",\"inLanguage\":\"fr-FR\",\"@id\":\"https:\/\/www.ibsasailing.com\/#\/schema\/person\/image\/\",\"url\":\"https:\/\/secure.gravatar.com\/avatar\/bfd663495f21f9b2d3817245f2290f613c0a3b61eda82df073092227d469b1ca?s=96&d=mm&r=g\",\"contentUrl\":\"https:\/\/secure.gravatar.com\/avatar\/bfd663495f21f9b2d3817245f2290f613c0a3b61eda82df073092227d469b1ca?s=96&d=mm&r=g\",\"caption\":\"Ornella\"},\"url\":\"https:\/\/www.ibsasailing.com\/fr\/author\/admin_noesis_nuovo\/\"}]}<\/script>\n<!-- \/ Yoast SEO plugin. -->","yoast_head_json":{"title":"VOILE INCLUSIVE\u00a0\u2013 Le partenariat avec la Soci\u00e9t\u00e9 des R\u00e9gates d\u2019Antibes - IBSA Sailing","robots":{"index":"index","follow":"follow","max-snippet":"max-snippet:-1","max-image-preview":"max-image-preview:large","max-video-preview":"max-video-preview:-1"},"canonical":"https:\/\/www.ibsasailing.com\/fr\/voile-inclusive-le-partenariat-avec-la-societe-des-regates-dantibes\/","og_locale":"fr_FR","og_type":"article","og_title":"VOILE INCLUSIVE\u00a0\u2013 Le partenariat avec la Soci\u00e9t\u00e9 des R\u00e9gates d\u2019Antibes - IBSA Sailing","og_description":"La Soci\u00e9t\u00e9 des R\u00e9gates d\u2019Antibes, l\u2019une des plus anciennes de France, participe au projet IBSA Sailing Into the Future. Together. Ce club prestigieux, qui joue un r\u00f4le central dans l\u2019histoire de la voile fran\u00e7aise et La Soci\u00e9t\u00e9 des R\u00e9gates d\u2019Antibes, l\u2019une des plus anciennes de France, participe au projet IBSA Sailing Into the Future. Together. [&hellip;]","og_url":"https:\/\/www.ibsasailing.com\/fr\/voile-inclusive-le-partenariat-avec-la-societe-des-regates-dantibes\/","og_site_name":"IBSA Sailing","article_publisher":"https:\/\/www.facebook.com\/ibsapharma\/","article_published_time":"2022-07-18T10:28:12+00:00","article_modified_time":"2024-12-19T13:31:28+00:00","og_image":[{"width":2048,"height":1152,"url":"https:\/\/www.ibsasailing.com\/wp-content\/uploads\/2022\/07\/278415181_5075440115869116_1553031771407206903_n.jpg","type":"image\/jpeg"}],"author":"Ornella","twitter_card":"summary_large_image","twitter_misc":{"\u00c9crit par":"Ornella","Dur\u00e9e de lecture estim\u00e9e":"3 minutes"},"schema":{"@context":"https:\/\/schema.org","@graph":[{"@type":"Article","@id":"https:\/\/www.ibsasailing.com\/fr\/voile-inclusive-le-partenariat-avec-la-societe-des-regates-dantibes\/#article","isPartOf":{"@id":"https:\/\/www.ibsasailing.com\/fr\/voile-inclusive-le-partenariat-avec-la-societe-des-regates-dantibes\/"},"author":{"name":"Ornella","@id":"https:\/\/www.ibsasailing.com\/#\/schema\/person\/02f89a6839fa96270a63293d7ac29f01"},"headline":"VOILE INCLUSIVE\u00a0\u2013 Le partenariat avec la Soci\u00e9t\u00e9 des R\u00e9gates d\u2019Antibes","datePublished":"2022-07-18T10:28:12+00:00","dateModified":"2024-12-19T13:31:28+00:00","mainEntityOfPage":{"@id":"https:\/\/www.ibsasailing.com\/fr\/voile-inclusive-le-partenariat-avec-la-societe-des-regates-dantibes\/"},"wordCount":469,"publisher":{"@id":"https:\/\/www.ibsasailing.com\/#organization"},"image":{"@id":"https:\/\/www.ibsasailing.com\/fr\/voile-inclusive-le-partenariat-avec-la-societe-des-regates-dantibes\/#primaryimage"},"thumbnailUrl":"https:\/\/www.ibsasailing.com\/wp-content\/uploads\/2022\/07\/278415181_5075440115869116_1553031771407206903_n.jpg","articleSection":["Vela inclusiva Francia","Voile Solidaire"],"inLanguage":"fr-FR"},{"@type":"WebPage","@id":"https:\/\/www.ibsasailing.com\/fr\/voile-inclusive-le-partenariat-avec-la-societe-des-regates-dantibes\/","url":"https:\/\/www.ibsasailing.com\/fr\/voile-inclusive-le-partenariat-avec-la-societe-des-regates-dantibes\/","name":"VOILE INCLUSIVE\u00a0\u2013 Le partenariat avec la Soci\u00e9t\u00e9 des R\u00e9gates d\u2019Antibes - IBSA Sailing","isPartOf":{"@id":"https:\/\/www.ibsasailing.com\/#website"},"primaryImageOfPage":{"@id":"https:\/\/www.ibsasailing.com\/fr\/voile-inclusive-le-partenariat-avec-la-societe-des-regates-dantibes\/#primaryimage"},"image":{"@id":"https:\/\/www.ibsasailing.com\/fr\/voile-inclusive-le-partenariat-avec-la-societe-des-regates-dantibes\/#primaryimage"},"thumbnailUrl":"https:\/\/www.ibsasailing.com\/wp-content\/uploads\/2022\/07\/278415181_5075440115869116_1553031771407206903_n.jpg","datePublished":"2022-07-18T10:28:12+00:00","dateModified":"2024-12-19T13:31:28+00:00","breadcrumb":{"@id":"https:\/\/www.ibsasailing.com\/fr\/voile-inclusive-le-partenariat-avec-la-societe-des-regates-dantibes\/#breadcrumb"},"inLanguage":"fr-FR","potentialAction":[{"@type":"ReadAction","target":["https:\/\/www.ibsasailing.com\/fr\/voile-inclusive-le-partenariat-avec-la-societe-des-regates-dantibes\/"]}]},{"@type":"ImageObject","inLanguage":"fr-FR","@id":"https:\/\/www.ibsasailing.com\/fr\/voile-inclusive-le-partenariat-avec-la-societe-des-regates-dantibes\/#primaryimage","url":"https:\/\/www.ibsasailing.com\/wp-content\/uploads\/2022\/07\/278415181_5075440115869116_1553031771407206903_n.jpg","contentUrl":"https:\/\/www.ibsasailing.com\/wp-content\/uploads\/2022\/07\/278415181_5075440115869116_1553031771407206903_n.jpg","width":2048,"height":1152},{"@type":"BreadcrumbList","@id":"https:\/\/www.ibsasailing.com\/fr\/voile-inclusive-le-partenariat-avec-la-societe-des-regates-dantibes\/#breadcrumb","itemListElement":[{"@type":"ListItem","position":1,"name":"Home","item":"https:\/\/www.ibsasailing.com\/fr\/"},{"@type":"ListItem","position":2,"name":"VOILE INCLUSIVE\u00a0\u2013 Le partenariat avec la Soci\u00e9t\u00e9 des R\u00e9gates d\u2019Antibes"}]},{"@type":"WebSite","@id":"https:\/\/www.ibsasailing.com\/#website","url":"https:\/\/www.ibsasailing.com\/","name":"IBSA Sailing","description":"Sailing into the Future. Together","publisher":{"@id":"https:\/\/www.ibsasailing.com\/#organization"},"potentialAction":[{"@type":"SearchAction","target":{"@type":"EntryPoint","urlTemplate":"https:\/\/www.ibsasailing.com\/?s={search_term_string}"},"query-input":{"@type":"PropertyValueSpecification","valueRequired":true,"valueName":"search_term_string"}}],"inLanguage":"fr-FR"},{"@type":"Organization","@id":"https:\/\/www.ibsasailing.com\/#organization","name":"IBSA Sailing","url":"https:\/\/www.ibsasailing.com\/","logo":{"@type":"ImageObject","inLanguage":"fr-FR","@id":"https:\/\/www.ibsasailing.com\/#\/schema\/logo\/image\/","url":"https:\/\/www.ibsasailing.com\/wp-content\/uploads\/2022\/11\/IBSA_RdR_StartDay40-1-scaled.jpg","contentUrl":"https:\/\/www.ibsasailing.com\/wp-content\/uploads\/2022\/11\/IBSA_RdR_StartDay40-1-scaled.jpg","width":2560,"height":1523,"caption":"IBSA Sailing"},"image":{"@id":"https:\/\/www.ibsasailing.com\/#\/schema\/logo\/image\/"},"sameAs":["https:\/\/www.facebook.com\/ibsapharma\/"]},{"@type":"Person","@id":"https:\/\/www.ibsasailing.com\/#\/schema\/person\/02f89a6839fa96270a63293d7ac29f01","name":"Ornella","image":{"@type":"ImageObject","inLanguage":"fr-FR","@id":"https:\/\/www.ibsasailing.com\/#\/schema\/person\/image\/","url":"https:\/\/secure.gravatar.com\/avatar\/bfd663495f21f9b2d3817245f2290f613c0a3b61eda82df073092227d469b1ca?s=96&d=mm&r=g","contentUrl":"https:\/\/secure.gravatar.com\/avatar\/bfd663495f21f9b2d3817245f2290f613c0a3b61eda82df073092227d469b1ca?s=96&d=mm&r=g","caption":"Ornella"},"url":"https:\/\/www.ibsasailing.com\/fr\/author\/admin_noesis_nuovo\/"}]}},"_links":{"self":[{"href":"https:\/\/www.ibsasailing.com\/fr\/wp-json\/wp\/v2\/posts\/1459","targetHints":{"allow":["GET"]}}],"collection":[{"href":"https:\/\/www.ibsasailing.com\/fr\/wp-json\/wp\/v2\/posts"}],"about":[{"href":"https:\/\/www.ibsasailing.com\/fr\/wp-json\/wp\/v2\/types\/post"}],"author":[{"embeddable":true,"href":"https:\/\/www.ibsasailing.com\/fr\/wp-json\/wp\/v2\/users\/5"}],"replies":[{"embeddable":true,"href":"https:\/\/www.ibsasailing.com\/fr\/wp-json\/wp\/v2\/comments?post=1459"}],"version-history":[{"count":1,"href":"https:\/\/www.ibsasailing.com\/fr\/wp-json\/wp\/v2\/posts\/1459\/revisions"}],"predecessor-version":[{"id":6175,"href":"https:\/\/www.ibsasailing.com\/fr\/wp-json\/wp\/v2\/posts\/1459\/revisions\/6175"}],"wp:featuredmedia":[{"embeddable":true,"href":"https:\/\/www.ibsasailing.com\/fr\/wp-json\/wp\/v2\/media\/1455"}],"wp:attachment":[{"href":"https:\/\/www.ibsasailing.com\/fr\/wp-json\/wp\/v2\/media?parent=1459"}],"wp:term":[{"taxonomy":"category","embeddable":true,"href":"https:\/\/www.ibsasailing.com\/fr\/wp-json\/wp\/v2\/categories?post=1459"},{"taxonomy":"post_tag","embeddable":true,"href":"https:\/\/www.ibsasailing.com\/fr\/wp-json\/wp\/v2\/tags?post=1459"}],"curies":[{"name":"wp","href":"https:\/\/api.w.org\/{rel}","templated":true}]}}