{"id":5372,"date":"2023-10-12T16:30:38","date_gmt":"2023-10-12T14:30:38","guid":{"rendered":"https:\/\/www.ibsasailing.com\/?p=5372"},"modified":"2024-12-19T15:01:02","modified_gmt":"2024-12-19T14:01:02","slug":"ibsa-et-la-para-sailing-academy-de-la-fiv-a-la-55e-edition-de-la-barcolana","status":"publish","type":"post","link":"https:\/\/www.ibsasailing.com\/fr\/ibsa-et-la-para-sailing-academy-de-la-fiv-a-la-55e-edition-de-la-barcolana\/","title":{"rendered":"IBSA et la Para Sailing Academy de la FIV \u00e0 la 55e\u00a0\u00e9dition de la Barcolana"},"content":{"rendered":"\n<p>\u00c0 Trieste, dans le cadre des \u00e9v\u00e9nements organis\u00e9s pour la <a href=\"https:\/\/www.ibsasailing.com\/fr\/alberto-bona-a-la-55e-edition-de-la-barcolana\/\" target=\"_blank\" rel=\"noreferrer noopener\">55<sup>e<\/sup>\u00a0\u00e9dition de la Barcolana<\/a>, la voile inclusive a \u00e9t\u00e9 la protagoniste de trois jours de course oc\u00e9anique et d\u2019activit\u00e9s consacr\u00e9es aux personnes handicap\u00e9es avec la <strong><em>Barcolana Para Sailing Academy<\/em><\/strong>.<\/p>\n\n\n\n<p>La Barcolana, une course oc\u00e9anique qui se tient \u00e0 Trieste chaque deuxi\u00e8me dimanche d\u2019octobre, a fait de l\u2019inclusion l\u2019un de ses piliers fondateurs. Gr\u00e2ce \u00e0 la pr\u00e9sence de <strong>World Sailing, la F\u00e9d\u00e9ration internationale de voile<\/strong> et de la <strong>FIV avec la Para Sailing Academy soutenue par IBSA<\/strong>, l\u2019initiative historique <em>Barcolana per il Sociale<\/em> (Barcolana pour le social)&nbsp;\u2013 qui a lieu depuis plus de vingt ans&nbsp;\u2013 s\u2019est enrichie cette ann\u00e9e de trois jours d\u2019activit\u00e9s pour les personnes handicap\u00e9es, qu\u2019il s\u2019agisse de marins exp\u00e9riment\u00e9s ou de n\u00e9ophytes.<\/p>\n\n\n\n<p>Les deux premi\u00e8res journ\u00e9es de la Barcolana Para Sailing Academy ont \u00e9t\u00e9 consacr\u00e9es aux d\u00e9fis de la comp\u00e9tition&nbsp;: la premi\u00e8re a vu les associations du territoire occup\u00e9es avec le <strong>Troph\u00e9e Fuorivento<\/strong> et le <strong>Troph\u00e9e Calicanto<\/strong>, les deux courses oc\u00e9aniques historiques de la <em>Barcolana per il sociale<\/em> (Barcolana pour le social)&nbsp;; lors de la deuxi\u00e8me journ\u00e9e, les embarcations de la classe Hansa&nbsp;303 et de la classe&nbsp;2.4 de la Para Sailing Academy de la FIV, soutenues par IBSA, avec <strong>de nombreux athl\u00e8tes italiens de haut niveau<\/strong>, dont <strong>Davide Di&nbsp;Maria et Antonio Squizzato<\/strong>, m\u00e9dailles d\u2019argent et de bronze lors des derniers championnats du monde aux Pays-Bas, qui ont concouru avec des marins internationaux et des athl\u00e8tes non handicap\u00e9s, portant le message de la voile en tant que sport adapt\u00e9 \u00e0 tous.<\/p>\n\n\n\n<p>\u00ab&nbsp;<em>Amener la Para Sailing Academy \u00e0 la Barcolana<\/em>&nbsp;\u2013 a d\u00e9clar\u00e9 <strong>Giorgio Pisani vice-pr\u00e9sident du Groupe IBSA<\/strong>&nbsp;\u2013 <em>signifie ouvrir de nouvelles voies d\u2019inclusion&nbsp;: la Barcolana est la plus grande course oc\u00e9anique au monde, o\u00f9 tout le monde peut participer, et cela amplifie davantage le r\u00f4le de la Para Sailing Academy de la FIV qu\u2019IBSA soutient<\/em>.<em> La Barcolana ha permis au projet d\u2019IBSA d&rsquo;acqu\u00e9rir \u00e9galement une dimension internationale et nous sommes ravis d\u2019apprendre que les courses oc\u00e9aniques de Para Sailing de la FIV ont re\u00e7u le statut de \u201cInternational Races\u201d en raison de la pr\u00e9sence de participants de plus de trois pays et du r\u00f4le central dans l\u2019organisation de World Sailing, la F\u00e9d\u00e9ration internationale de voile, \u00e9galement impliqu\u00e9e dans un vaste programme de diversit\u00e9 et d\u2019inclusion. Les Hansa&nbsp;303 ont navigu\u00e9 avec le logo d\u2019IBSA sur un parcours spectaculaire devant la ville de Trieste, o\u00f9, quelques jours plus tard, plus de 15&nbsp;000&nbsp;marins ont particip\u00e9 \u00e0 la 55<sup>e<\/sup>&nbsp;\u00e9dition de la Barcolana<\/em>.&nbsp;\u00bb<\/p>\n\n\n\n<p>Le troisi\u00e8me jour de la Barcolana Para Sailing Academy a \u00e9t\u00e9 <strong>une journ\u00e9e \u00ab&nbsp;portes ouvertes&nbsp;\u00bb consacr\u00e9e aux associations et aux r\u00e9alit\u00e9s du territoire qui s\u2019occupent de handicaps<\/strong>, qui ont eu l\u2019occasion de dialoguer avec les techniciens f\u00e9d\u00e9raux et d\u2019essayer personnellement les bateaux mis \u00e0 disposition par la F\u00e9d\u00e9ration italienne de voile, soulignant le r\u00f4le fondamental de la Para Sailing Academy avec IBSA pour donner acc\u00e8s \u00e0 la voile \u00e0 un plus grand \u00e9ventail de participants, d\u00e9montrant comment l\u2019esprit sportif et l\u2019inclusivit\u00e9 peuvent et doivent toujours \u00eatre en synergie.<\/p>\n","protected":false},"excerpt":{"rendered":"<p>\u00c0 Trieste, dans le cadre des \u00e9v\u00e9nements organis\u00e9s pour la 55e\u00a0\u00e9dition de la Barcolana, la voile inclusive a \u00e9t\u00e9 la protagoniste de trois jours de course oc\u00e9anique et d\u2019activit\u00e9s consacr\u00e9es aux personnes handicap\u00e9es avec la Barcolana Para Sailing Academy. La Barcolana, une course oc\u00e9anique qui se tient \u00e0 Trieste chaque deuxi\u00e8me dimanche d\u2019octobre, a fait [&hellip;]<\/p>\n","protected":false},"author":6,"featured_media":5368,"comment_status":"closed","ping_status":"open","sticky":false,"template":"","format":"standard","meta":{"_acf_changed":false,"ngg_post_thumbnail":0,"footnotes":""},"categories":[261,48],"tags":[],"class_list":["post-5372","post","type-post","status-publish","format-standard","has-post-thumbnail","hentry","category-vela-italia-fr","category-inclusiva-fr"],"acf":[],"yoast_head":"<!-- This site is optimized with the Yoast SEO plugin v24.3 - https:\/\/yoast.com\/wordpress\/plugins\/seo\/ -->\n<title>IBSA et la Para Sailing Academy de la FIV \u00e0 la 55e\u00a0\u00e9dition de la Barcolana - IBSA Sailing<\/title>\n<meta name=\"robots\" content=\"index, follow, max-snippet:-1, max-image-preview:large, max-video-preview:-1\" \/>\n<link rel=\"canonical\" href=\"https:\/\/www.ibsasailing.com\/fr\/ibsa-et-la-para-sailing-academy-de-la-fiv-a-la-55e-edition-de-la-barcolana\/\" \/>\n<meta property=\"og:locale\" content=\"fr_FR\" \/>\n<meta property=\"og:type\" content=\"article\" \/>\n<meta property=\"og:title\" content=\"IBSA et la Para Sailing Academy de la FIV \u00e0 la 55e\u00a0\u00e9dition de la Barcolana - IBSA Sailing\" \/>\n<meta property=\"og:description\" content=\"\u00c0 Trieste, dans le cadre des \u00e9v\u00e9nements organis\u00e9s pour la 55e\u00a0\u00e9dition de la Barcolana, la voile inclusive a \u00e9t\u00e9 la protagoniste de trois jours de course oc\u00e9anique et d\u2019activit\u00e9s consacr\u00e9es aux personnes handicap\u00e9es avec la Barcolana Para Sailing Academy. La Barcolana, une course oc\u00e9anique qui se tient \u00e0 Trieste chaque deuxi\u00e8me dimanche d\u2019octobre, a fait [&hellip;]\" \/>\n<meta property=\"og:url\" content=\"https:\/\/www.ibsasailing.com\/fr\/ibsa-et-la-para-sailing-academy-de-la-fiv-a-la-55e-edition-de-la-barcolana\/\" \/>\n<meta property=\"og:site_name\" content=\"IBSA Sailing\" \/>\n<meta property=\"article:publisher\" content=\"https:\/\/www.facebook.com\/ibsapharma\/\" \/>\n<meta property=\"article:published_time\" content=\"2023-10-12T14:30:38+00:00\" \/>\n<meta property=\"article:modified_time\" content=\"2024-12-19T14:01:02+00:00\" \/>\n<meta property=\"og:image\" content=\"https:\/\/www.ibsasailing.com\/wp-content\/uploads\/2023\/10\/Header-7.jpg\" \/>\n\t<meta property=\"og:image:width\" content=\"2500\" \/>\n\t<meta property=\"og:image:height\" content=\"1667\" \/>\n\t<meta property=\"og:image:type\" content=\"image\/jpeg\" \/>\n<meta name=\"author\" content=\"Benedetta\" \/>\n<meta name=\"twitter:card\" content=\"summary_large_image\" \/>\n<meta name=\"twitter:label1\" content=\"\u00c9crit par\" \/>\n\t<meta name=\"twitter:data1\" content=\"Benedetta\" \/>\n\t<meta name=\"twitter:label2\" content=\"Dur\u00e9e de lecture estim\u00e9e\" \/>\n\t<meta name=\"twitter:data2\" content=\"3 minutes\" \/>\n<script type=\"application\/ld+json\" class=\"yoast-schema-graph\">{\"@context\":\"https:\/\/schema.org\",\"@graph\":[{\"@type\":\"Article\",\"@id\":\"https:\/\/www.ibsasailing.com\/fr\/ibsa-et-la-para-sailing-academy-de-la-fiv-a-la-55e-edition-de-la-barcolana\/#article\",\"isPartOf\":{\"@id\":\"https:\/\/www.ibsasailing.com\/fr\/ibsa-et-la-para-sailing-academy-de-la-fiv-a-la-55e-edition-de-la-barcolana\/\"},\"author\":{\"name\":\"Benedetta\",\"@id\":\"https:\/\/www.ibsasailing.com\/#\/schema\/person\/6941a0c6c8800bc9615ca42cb8e56eb4\"},\"headline\":\"IBSA et la Para Sailing Academy de la FIV \u00e0 la 55e\u00a0\u00e9dition de la Barcolana\",\"datePublished\":\"2023-10-12T14:30:38+00:00\",\"dateModified\":\"2024-12-19T14:01:02+00:00\",\"mainEntityOfPage\":{\"@id\":\"https:\/\/www.ibsasailing.com\/fr\/ibsa-et-la-para-sailing-academy-de-la-fiv-a-la-55e-edition-de-la-barcolana\/\"},\"wordCount\":605,\"publisher\":{\"@id\":\"https:\/\/www.ibsasailing.com\/#organization\"},\"image\":{\"@id\":\"https:\/\/www.ibsasailing.com\/fr\/ibsa-et-la-para-sailing-academy-de-la-fiv-a-la-55e-edition-de-la-barcolana\/#primaryimage\"},\"thumbnailUrl\":\"https:\/\/www.ibsasailing.com\/wp-content\/uploads\/2023\/10\/Header-7.jpg\",\"articleSection\":[\"Vela inclusiva Italia\",\"Voile Solidaire\"],\"inLanguage\":\"fr-FR\"},{\"@type\":\"WebPage\",\"@id\":\"https:\/\/www.ibsasailing.com\/fr\/ibsa-et-la-para-sailing-academy-de-la-fiv-a-la-55e-edition-de-la-barcolana\/\",\"url\":\"https:\/\/www.ibsasailing.com\/fr\/ibsa-et-la-para-sailing-academy-de-la-fiv-a-la-55e-edition-de-la-barcolana\/\",\"name\":\"IBSA et la Para Sailing Academy de la FIV \u00e0 la 55e\u00a0\u00e9dition de la Barcolana - IBSA Sailing\",\"isPartOf\":{\"@id\":\"https:\/\/www.ibsasailing.com\/#website\"},\"primaryImageOfPage\":{\"@id\":\"https:\/\/www.ibsasailing.com\/fr\/ibsa-et-la-para-sailing-academy-de-la-fiv-a-la-55e-edition-de-la-barcolana\/#primaryimage\"},\"image\":{\"@id\":\"https:\/\/www.ibsasailing.com\/fr\/ibsa-et-la-para-sailing-academy-de-la-fiv-a-la-55e-edition-de-la-barcolana\/#primaryimage\"},\"thumbnailUrl\":\"https:\/\/www.ibsasailing.com\/wp-content\/uploads\/2023\/10\/Header-7.jpg\",\"datePublished\":\"2023-10-12T14:30:38+00:00\",\"dateModified\":\"2024-12-19T14:01:02+00:00\",\"breadcrumb\":{\"@id\":\"https:\/\/www.ibsasailing.com\/fr\/ibsa-et-la-para-sailing-academy-de-la-fiv-a-la-55e-edition-de-la-barcolana\/#breadcrumb\"},\"inLanguage\":\"fr-FR\",\"potentialAction\":[{\"@type\":\"ReadAction\",\"target\":[\"https:\/\/www.ibsasailing.com\/fr\/ibsa-et-la-para-sailing-academy-de-la-fiv-a-la-55e-edition-de-la-barcolana\/\"]}]},{\"@type\":\"ImageObject\",\"inLanguage\":\"fr-FR\",\"@id\":\"https:\/\/www.ibsasailing.com\/fr\/ibsa-et-la-para-sailing-academy-de-la-fiv-a-la-55e-edition-de-la-barcolana\/#primaryimage\",\"url\":\"https:\/\/www.ibsasailing.com\/wp-content\/uploads\/2023\/10\/Header-7.jpg\",\"contentUrl\":\"https:\/\/www.ibsasailing.com\/wp-content\/uploads\/2023\/10\/Header-7.jpg\",\"width\":2500,\"height\":1667},{\"@type\":\"BreadcrumbList\",\"@id\":\"https:\/\/www.ibsasailing.com\/fr\/ibsa-et-la-para-sailing-academy-de-la-fiv-a-la-55e-edition-de-la-barcolana\/#breadcrumb\",\"itemListElement\":[{\"@type\":\"ListItem\",\"position\":1,\"name\":\"Home\",\"item\":\"https:\/\/www.ibsasailing.com\/fr\/\"},{\"@type\":\"ListItem\",\"position\":2,\"name\":\"IBSA et la Para Sailing Academy de la FIV \u00e0 la 55e\u00a0\u00e9dition de la Barcolana\"}]},{\"@type\":\"WebSite\",\"@id\":\"https:\/\/www.ibsasailing.com\/#website\",\"url\":\"https:\/\/www.ibsasailing.com\/\",\"name\":\"IBSA Sailing\",\"description\":\"Sailing into the Future. Together\",\"publisher\":{\"@id\":\"https:\/\/www.ibsasailing.com\/#organization\"},\"potentialAction\":[{\"@type\":\"SearchAction\",\"target\":{\"@type\":\"EntryPoint\",\"urlTemplate\":\"https:\/\/www.ibsasailing.com\/?s={search_term_string}\"},\"query-input\":{\"@type\":\"PropertyValueSpecification\",\"valueRequired\":true,\"valueName\":\"search_term_string\"}}],\"inLanguage\":\"fr-FR\"},{\"@type\":\"Organization\",\"@id\":\"https:\/\/www.ibsasailing.com\/#organization\",\"name\":\"IBSA Sailing\",\"url\":\"https:\/\/www.ibsasailing.com\/\",\"logo\":{\"@type\":\"ImageObject\",\"inLanguage\":\"fr-FR\",\"@id\":\"https:\/\/www.ibsasailing.com\/#\/schema\/logo\/image\/\",\"url\":\"https:\/\/www.ibsasailing.com\/wp-content\/uploads\/2022\/11\/IBSA_RdR_StartDay40-1-scaled.jpg\",\"contentUrl\":\"https:\/\/www.ibsasailing.com\/wp-content\/uploads\/2022\/11\/IBSA_RdR_StartDay40-1-scaled.jpg\",\"width\":2560,\"height\":1523,\"caption\":\"IBSA Sailing\"},\"image\":{\"@id\":\"https:\/\/www.ibsasailing.com\/#\/schema\/logo\/image\/\"},\"sameAs\":[\"https:\/\/www.facebook.com\/ibsapharma\/\"]},{\"@type\":\"Person\",\"@id\":\"https:\/\/www.ibsasailing.com\/#\/schema\/person\/6941a0c6c8800bc9615ca42cb8e56eb4\",\"name\":\"Benedetta\",\"image\":{\"@type\":\"ImageObject\",\"inLanguage\":\"fr-FR\",\"@id\":\"https:\/\/www.ibsasailing.com\/#\/schema\/person\/image\/\",\"url\":\"https:\/\/secure.gravatar.com\/avatar\/7b6f4253d9e620c21deca72a80f18d0c62e3999630ce3fe961fea84856dd8ba0?s=96&d=mm&r=g\",\"contentUrl\":\"https:\/\/secure.gravatar.com\/avatar\/7b6f4253d9e620c21deca72a80f18d0c62e3999630ce3fe961fea84856dd8ba0?s=96&d=mm&r=g\",\"caption\":\"Benedetta\"},\"url\":\"https:\/\/www.ibsasailing.com\/fr\/author\/admin_noesis\/\"}]}<\/script>\n<!-- \/ Yoast SEO plugin. -->","yoast_head_json":{"title":"IBSA et la Para Sailing Academy de la FIV \u00e0 la 55e\u00a0\u00e9dition de la Barcolana - IBSA Sailing","robots":{"index":"index","follow":"follow","max-snippet":"max-snippet:-1","max-image-preview":"max-image-preview:large","max-video-preview":"max-video-preview:-1"},"canonical":"https:\/\/www.ibsasailing.com\/fr\/ibsa-et-la-para-sailing-academy-de-la-fiv-a-la-55e-edition-de-la-barcolana\/","og_locale":"fr_FR","og_type":"article","og_title":"IBSA et la Para Sailing Academy de la FIV \u00e0 la 55e\u00a0\u00e9dition de la Barcolana - IBSA Sailing","og_description":"\u00c0 Trieste, dans le cadre des \u00e9v\u00e9nements organis\u00e9s pour la 55e\u00a0\u00e9dition de la Barcolana, la voile inclusive a \u00e9t\u00e9 la protagoniste de trois jours de course oc\u00e9anique et d\u2019activit\u00e9s consacr\u00e9es aux personnes handicap\u00e9es avec la Barcolana Para Sailing Academy. La Barcolana, une course oc\u00e9anique qui se tient \u00e0 Trieste chaque deuxi\u00e8me dimanche d\u2019octobre, a fait [&hellip;]","og_url":"https:\/\/www.ibsasailing.com\/fr\/ibsa-et-la-para-sailing-academy-de-la-fiv-a-la-55e-edition-de-la-barcolana\/","og_site_name":"IBSA Sailing","article_publisher":"https:\/\/www.facebook.com\/ibsapharma\/","article_published_time":"2023-10-12T14:30:38+00:00","article_modified_time":"2024-12-19T14:01:02+00:00","og_image":[{"width":2500,"height":1667,"url":"https:\/\/www.ibsasailing.com\/wp-content\/uploads\/2023\/10\/Header-7.jpg","type":"image\/jpeg"}],"author":"Benedetta","twitter_card":"summary_large_image","twitter_misc":{"\u00c9crit par":"Benedetta","Dur\u00e9e de lecture estim\u00e9e":"3 minutes"},"schema":{"@context":"https:\/\/schema.org","@graph":[{"@type":"Article","@id":"https:\/\/www.ibsasailing.com\/fr\/ibsa-et-la-para-sailing-academy-de-la-fiv-a-la-55e-edition-de-la-barcolana\/#article","isPartOf":{"@id":"https:\/\/www.ibsasailing.com\/fr\/ibsa-et-la-para-sailing-academy-de-la-fiv-a-la-55e-edition-de-la-barcolana\/"},"author":{"name":"Benedetta","@id":"https:\/\/www.ibsasailing.com\/#\/schema\/person\/6941a0c6c8800bc9615ca42cb8e56eb4"},"headline":"IBSA et la Para Sailing Academy de la FIV \u00e0 la 55e\u00a0\u00e9dition de la Barcolana","datePublished":"2023-10-12T14:30:38+00:00","dateModified":"2024-12-19T14:01:02+00:00","mainEntityOfPage":{"@id":"https:\/\/www.ibsasailing.com\/fr\/ibsa-et-la-para-sailing-academy-de-la-fiv-a-la-55e-edition-de-la-barcolana\/"},"wordCount":605,"publisher":{"@id":"https:\/\/www.ibsasailing.com\/#organization"},"image":{"@id":"https:\/\/www.ibsasailing.com\/fr\/ibsa-et-la-para-sailing-academy-de-la-fiv-a-la-55e-edition-de-la-barcolana\/#primaryimage"},"thumbnailUrl":"https:\/\/www.ibsasailing.com\/wp-content\/uploads\/2023\/10\/Header-7.jpg","articleSection":["Vela inclusiva Italia","Voile Solidaire"],"inLanguage":"fr-FR"},{"@type":"WebPage","@id":"https:\/\/www.ibsasailing.com\/fr\/ibsa-et-la-para-sailing-academy-de-la-fiv-a-la-55e-edition-de-la-barcolana\/","url":"https:\/\/www.ibsasailing.com\/fr\/ibsa-et-la-para-sailing-academy-de-la-fiv-a-la-55e-edition-de-la-barcolana\/","name":"IBSA et la Para Sailing Academy de la FIV \u00e0 la 55e\u00a0\u00e9dition de la Barcolana - IBSA Sailing","isPartOf":{"@id":"https:\/\/www.ibsasailing.com\/#website"},"primaryImageOfPage":{"@id":"https:\/\/www.ibsasailing.com\/fr\/ibsa-et-la-para-sailing-academy-de-la-fiv-a-la-55e-edition-de-la-barcolana\/#primaryimage"},"image":{"@id":"https:\/\/www.ibsasailing.com\/fr\/ibsa-et-la-para-sailing-academy-de-la-fiv-a-la-55e-edition-de-la-barcolana\/#primaryimage"},"thumbnailUrl":"https:\/\/www.ibsasailing.com\/wp-content\/uploads\/2023\/10\/Header-7.jpg","datePublished":"2023-10-12T14:30:38+00:00","dateModified":"2024-12-19T14:01:02+00:00","breadcrumb":{"@id":"https:\/\/www.ibsasailing.com\/fr\/ibsa-et-la-para-sailing-academy-de-la-fiv-a-la-55e-edition-de-la-barcolana\/#breadcrumb"},"inLanguage":"fr-FR","potentialAction":[{"@type":"ReadAction","target":["https:\/\/www.ibsasailing.com\/fr\/ibsa-et-la-para-sailing-academy-de-la-fiv-a-la-55e-edition-de-la-barcolana\/"]}]},{"@type":"ImageObject","inLanguage":"fr-FR","@id":"https:\/\/www.ibsasailing.com\/fr\/ibsa-et-la-para-sailing-academy-de-la-fiv-a-la-55e-edition-de-la-barcolana\/#primaryimage","url":"https:\/\/www.ibsasailing.com\/wp-content\/uploads\/2023\/10\/Header-7.jpg","contentUrl":"https:\/\/www.ibsasailing.com\/wp-content\/uploads\/2023\/10\/Header-7.jpg","width":2500,"height":1667},{"@type":"BreadcrumbList","@id":"https:\/\/www.ibsasailing.com\/fr\/ibsa-et-la-para-sailing-academy-de-la-fiv-a-la-55e-edition-de-la-barcolana\/#breadcrumb","itemListElement":[{"@type":"ListItem","position":1,"name":"Home","item":"https:\/\/www.ibsasailing.com\/fr\/"},{"@type":"ListItem","position":2,"name":"IBSA et la Para Sailing Academy de la FIV \u00e0 la 55e\u00a0\u00e9dition de la Barcolana"}]},{"@type":"WebSite","@id":"https:\/\/www.ibsasailing.com\/#website","url":"https:\/\/www.ibsasailing.com\/","name":"IBSA Sailing","description":"Sailing into the Future. Together","publisher":{"@id":"https:\/\/www.ibsasailing.com\/#organization"},"potentialAction":[{"@type":"SearchAction","target":{"@type":"EntryPoint","urlTemplate":"https:\/\/www.ibsasailing.com\/?s={search_term_string}"},"query-input":{"@type":"PropertyValueSpecification","valueRequired":true,"valueName":"search_term_string"}}],"inLanguage":"fr-FR"},{"@type":"Organization","@id":"https:\/\/www.ibsasailing.com\/#organization","name":"IBSA Sailing","url":"https:\/\/www.ibsasailing.com\/","logo":{"@type":"ImageObject","inLanguage":"fr-FR","@id":"https:\/\/www.ibsasailing.com\/#\/schema\/logo\/image\/","url":"https:\/\/www.ibsasailing.com\/wp-content\/uploads\/2022\/11\/IBSA_RdR_StartDay40-1-scaled.jpg","contentUrl":"https:\/\/www.ibsasailing.com\/wp-content\/uploads\/2022\/11\/IBSA_RdR_StartDay40-1-scaled.jpg","width":2560,"height":1523,"caption":"IBSA Sailing"},"image":{"@id":"https:\/\/www.ibsasailing.com\/#\/schema\/logo\/image\/"},"sameAs":["https:\/\/www.facebook.com\/ibsapharma\/"]},{"@type":"Person","@id":"https:\/\/www.ibsasailing.com\/#\/schema\/person\/6941a0c6c8800bc9615ca42cb8e56eb4","name":"Benedetta","image":{"@type":"ImageObject","inLanguage":"fr-FR","@id":"https:\/\/www.ibsasailing.com\/#\/schema\/person\/image\/","url":"https:\/\/secure.gravatar.com\/avatar\/7b6f4253d9e620c21deca72a80f18d0c62e3999630ce3fe961fea84856dd8ba0?s=96&d=mm&r=g","contentUrl":"https:\/\/secure.gravatar.com\/avatar\/7b6f4253d9e620c21deca72a80f18d0c62e3999630ce3fe961fea84856dd8ba0?s=96&d=mm&r=g","caption":"Benedetta"},"url":"https:\/\/www.ibsasailing.com\/fr\/author\/admin_noesis\/"}]}},"_links":{"self":[{"href":"https:\/\/www.ibsasailing.com\/fr\/wp-json\/wp\/v2\/posts\/5372","targetHints":{"allow":["GET"]}}],"collection":[{"href":"https:\/\/www.ibsasailing.com\/fr\/wp-json\/wp\/v2\/posts"}],"about":[{"href":"https:\/\/www.ibsasailing.com\/fr\/wp-json\/wp\/v2\/types\/post"}],"author":[{"embeddable":true,"href":"https:\/\/www.ibsasailing.com\/fr\/wp-json\/wp\/v2\/users\/6"}],"replies":[{"embeddable":true,"href":"https:\/\/www.ibsasailing.com\/fr\/wp-json\/wp\/v2\/comments?post=5372"}],"version-history":[{"count":1,"href":"https:\/\/www.ibsasailing.com\/fr\/wp-json\/wp\/v2\/posts\/5372\/revisions"}],"predecessor-version":[{"id":8717,"href":"https:\/\/www.ibsasailing.com\/fr\/wp-json\/wp\/v2\/posts\/5372\/revisions\/8717"}],"wp:featuredmedia":[{"embeddable":true,"href":"https:\/\/www.ibsasailing.com\/fr\/wp-json\/wp\/v2\/media\/5368"}],"wp:attachment":[{"href":"https:\/\/www.ibsasailing.com\/fr\/wp-json\/wp\/v2\/media?parent=5372"}],"wp:term":[{"taxonomy":"category","embeddable":true,"href":"https:\/\/www.ibsasailing.com\/fr\/wp-json\/wp\/v2\/categories?post=5372"},{"taxonomy":"post_tag","embeddable":true,"href":"https:\/\/www.ibsasailing.com\/fr\/wp-json\/wp\/v2\/tags?post=5372"}],"curies":[{"name":"wp","href":"https:\/\/api.w.org\/{rel}","templated":true}]}}