{"id":5492,"date":"2023-10-26T16:35:04","date_gmt":"2023-10-26T14:35:04","guid":{"rendered":"https:\/\/www.ibsasailing.com\/?p=5492"},"modified":"2023-11-14T11:38:31","modified_gmt":"2023-11-14T10:38:31","slug":"transat-jacques-vabre-jour-j-3","status":"publish","type":"post","link":"https:\/\/www.ibsasailing.com\/fr\/transat-jacques-vabre-jour-j-3\/","title":{"rendered":"TRANSAT JACQUES VABRE\u00a0| DAY -3"},"content":{"rendered":"\n<p>Journ\u00e9e de rodage&nbsp;: trois jours avant le d\u00e9part de la 16<sup>e<\/sup>&nbsp;Transat Jacques Vabre, la ville du Havre se pr\u00e9pare \u00e0 accueillir plus de 100&nbsp;000&nbsp;personnes avec des mesures de s\u00e9curit\u00e9 renforc\u00e9es. Le vent est d\u00e9j\u00e0 pr\u00e9sent&nbsp;: des rafales de plus de 25&nbsp;n\u0153uds dans la Manche devant le port et qui devraient s\u2019intensifier dans les jours \u00e0 venir, avec des pointes pouvant atteindre 40&nbsp;n\u0153uds.<\/p>\n\n\n\n<p>Le village est construit autour du Bassin Paul Vatine, l\u2019un des bassins du r\u00e9seau complexe de canaux du Havre, non loin de l\u2019estuaire de la Seine. C\u2019est l\u00e0 que sont amarr\u00e9s les 95&nbsp;voiliers qui attendent de participer \u00e0 la course oc\u00e9anique, tandis que leurs \u00e9quipes se livrent \u00e0 des phases de test et de pr\u00e9paration minutieuses et aux briefings quotidiens du directeur de course.<\/p>\n\n\n\n<p>Alberto Bona et Pablo Santurde del Arco sont pr\u00eats&nbsp;: amarr\u00e9s depuis le 18&nbsp;octobre, ils ont m\u00e9ticuleusement pass\u00e9 au crible le Class40&nbsp;<em>IBSA<\/em>, avec une r\u00e9vision compl\u00e8te de l\u2019\u00e9quipement. Hier, sous le microscope, le syst\u00e8me \u00e9lectrique et le syst\u00e8me de batterie. Pas loin de l\u00e0, juste devant le bateau, le stand IBSA a d\u00e9j\u00e0 ouvert ses portes au public et accueille les invit\u00e9s et les nombreux passionn\u00e9s de voile qui viennent y rencontrer les skippers. <\/p>\n\n\n\n<p>\u00c0 terre, les festivit\u00e9s et le grand accueil fran\u00e7ais et antillais, qui font partie de la tradition de ces courses oc\u00e9aniques, sont d\u00e9j\u00e0 en place&nbsp;: entre bapt\u00eames de bateaux nouvellement mis \u00e0 l\u2019eau, discoth\u00e8ques en plein air <em>on board<\/em>, d\u00e9gustations de rhum et de fromage, l\u2019ambiance de la Transat oc\u00e9anique est d\u00e9j\u00e0 chaleureuse.<\/p>\n\n\n\n<figure class=\"wp-block-embed is-type-video is-provider-youtube wp-block-embed-youtube\"><div class=\"wp-block-embed__wrapper\">\n<div class=\"container-lazyload preview-lazyload container-youtube js-lazyload--not-loaded\"><a href=\"https:\/\/www.youtube.com\/watch?v=l9EM5GXHFkY\" class=\"lazy-load-youtube preview-lazyload preview-youtube\" data-video-title=\"Transat Jacques Vabre updates: 26 October\" title=\"Play video &quot;Transat Jacques Vabre updates: 26 October&quot;\">https:\/\/www.youtube.com\/watch?v=l9EM5GXHFkY<\/a><noscript>Video can&rsquo;t be loaded because JavaScript is disabled: <a href=\"https:\/\/www.youtube.com\/watch?v=l9EM5GXHFkY\" title=\"Transat Jacques Vabre updates: 26 October\">Transat Jacques Vabre updates: 26 October (https:\/\/www.youtube.com\/watch?v=l9EM5GXHFkY)<\/a><\/noscript><\/div>\n<\/div><\/figure>\n","protected":false},"excerpt":{"rendered":"<p>Journ\u00e9e de rodage&nbsp;: trois jours avant le d\u00e9part de la 16e&nbsp;Transat Jacques Vabre, la ville du Havre se pr\u00e9pare \u00e0 accueillir plus de 100&nbsp;000&nbsp;personnes avec des mesures de s\u00e9curit\u00e9 renforc\u00e9es. Le vent est d\u00e9j\u00e0 pr\u00e9sent&nbsp;: des rafales de plus de 25&nbsp;n\u0153uds dans la Manche devant le port et qui devraient s\u2019intensifier dans les jours \u00e0 [&hellip;]<\/p>\n","protected":false},"author":5,"featured_media":5507,"comment_status":"closed","ping_status":"open","sticky":false,"template":"","format":"standard","meta":{"_acf_changed":false,"ngg_post_thumbnail":0,"footnotes":""},"categories":[229],"tags":[],"class_list":["post-5492","post","type-post","status-publish","format-standard","has-post-thumbnail","hentry","category-approfondimento-fr-trans"],"acf":[],"yoast_head":"<!-- This site is optimized with the Yoast SEO plugin v24.3 - https:\/\/yoast.com\/wordpress\/plugins\/seo\/ -->\n<title>TRANSAT JACQUES VABRE\u00a0| DAY -3 - IBSA Sailing<\/title>\n<meta name=\"robots\" content=\"index, follow, max-snippet:-1, max-image-preview:large, max-video-preview:-1\" \/>\n<link rel=\"canonical\" href=\"https:\/\/www.ibsasailing.com\/fr\/transat-jacques-vabre-jour-j-3\/\" \/>\n<meta property=\"og:locale\" content=\"fr_FR\" \/>\n<meta property=\"og:type\" content=\"article\" \/>\n<meta property=\"og:title\" content=\"TRANSAT JACQUES VABRE\u00a0| DAY -3 - IBSA Sailing\" \/>\n<meta property=\"og:description\" content=\"Journ\u00e9e de rodage&nbsp;: trois jours avant le d\u00e9part de la 16e&nbsp;Transat Jacques Vabre, la ville du Havre se pr\u00e9pare \u00e0 accueillir plus de 100&nbsp;000&nbsp;personnes avec des mesures de s\u00e9curit\u00e9 renforc\u00e9es. Le vent est d\u00e9j\u00e0 pr\u00e9sent&nbsp;: des rafales de plus de 25&nbsp;n\u0153uds dans la Manche devant le port et qui devraient s\u2019intensifier dans les jours \u00e0 [&hellip;]\" \/>\n<meta property=\"og:url\" content=\"https:\/\/www.ibsasailing.com\/fr\/transat-jacques-vabre-jour-j-3\/\" \/>\n<meta property=\"og:site_name\" content=\"IBSA Sailing\" \/>\n<meta property=\"article:publisher\" content=\"https:\/\/www.facebook.com\/ibsapharma\/\" \/>\n<meta property=\"article:published_time\" content=\"2023-10-26T14:35:04+00:00\" \/>\n<meta property=\"article:modified_time\" content=\"2023-11-14T10:38:31+00:00\" \/>\n<meta property=\"og:image\" content=\"https:\/\/www.ibsasailing.com\/wp-content\/uploads\/2023\/10\/Sailing_TJV-updates-October-26.png\" \/>\n\t<meta property=\"og:image:width\" content=\"1280\" \/>\n\t<meta property=\"og:image:height\" content=\"720\" \/>\n\t<meta property=\"og:image:type\" content=\"image\/png\" \/>\n<meta name=\"author\" content=\"Ornella\" \/>\n<meta name=\"twitter:card\" content=\"summary_large_image\" \/>\n<meta name=\"twitter:label1\" content=\"\u00c9crit par\" \/>\n\t<meta name=\"twitter:data1\" content=\"Ornella\" \/>\n\t<meta name=\"twitter:label2\" content=\"Dur\u00e9e de lecture estim\u00e9e\" \/>\n\t<meta name=\"twitter:data2\" content=\"2 minutes\" \/>\n<script type=\"application\/ld+json\" class=\"yoast-schema-graph\">{\"@context\":\"https:\/\/schema.org\",\"@graph\":[{\"@type\":\"Article\",\"@id\":\"https:\/\/www.ibsasailing.com\/fr\/transat-jacques-vabre-jour-j-3\/#article\",\"isPartOf\":{\"@id\":\"https:\/\/www.ibsasailing.com\/fr\/transat-jacques-vabre-jour-j-3\/\"},\"author\":{\"name\":\"Ornella\",\"@id\":\"https:\/\/www.ibsasailing.com\/#\/schema\/person\/02f89a6839fa96270a63293d7ac29f01\"},\"headline\":\"TRANSAT JACQUES VABRE\u00a0| DAY -3\",\"datePublished\":\"2023-10-26T14:35:04+00:00\",\"dateModified\":\"2023-11-14T10:38:31+00:00\",\"mainEntityOfPage\":{\"@id\":\"https:\/\/www.ibsasailing.com\/fr\/transat-jacques-vabre-jour-j-3\/\"},\"wordCount\":313,\"publisher\":{\"@id\":\"https:\/\/www.ibsasailing.com\/#organization\"},\"image\":{\"@id\":\"https:\/\/www.ibsasailing.com\/fr\/transat-jacques-vabre-jour-j-3\/#primaryimage\"},\"thumbnailUrl\":\"https:\/\/www.ibsasailing.com\/wp-content\/uploads\/2023\/10\/Sailing_TJV-updates-October-26.png\",\"articleSection\":[\"Notizie Flash Transat\"],\"inLanguage\":\"fr-FR\"},{\"@type\":\"WebPage\",\"@id\":\"https:\/\/www.ibsasailing.com\/fr\/transat-jacques-vabre-jour-j-3\/\",\"url\":\"https:\/\/www.ibsasailing.com\/fr\/transat-jacques-vabre-jour-j-3\/\",\"name\":\"TRANSAT JACQUES VABRE\u00a0| DAY -3 - IBSA Sailing\",\"isPartOf\":{\"@id\":\"https:\/\/www.ibsasailing.com\/#website\"},\"primaryImageOfPage\":{\"@id\":\"https:\/\/www.ibsasailing.com\/fr\/transat-jacques-vabre-jour-j-3\/#primaryimage\"},\"image\":{\"@id\":\"https:\/\/www.ibsasailing.com\/fr\/transat-jacques-vabre-jour-j-3\/#primaryimage\"},\"thumbnailUrl\":\"https:\/\/www.ibsasailing.com\/wp-content\/uploads\/2023\/10\/Sailing_TJV-updates-October-26.png\",\"datePublished\":\"2023-10-26T14:35:04+00:00\",\"dateModified\":\"2023-11-14T10:38:31+00:00\",\"breadcrumb\":{\"@id\":\"https:\/\/www.ibsasailing.com\/fr\/transat-jacques-vabre-jour-j-3\/#breadcrumb\"},\"inLanguage\":\"fr-FR\",\"potentialAction\":[{\"@type\":\"ReadAction\",\"target\":[\"https:\/\/www.ibsasailing.com\/fr\/transat-jacques-vabre-jour-j-3\/\"]}]},{\"@type\":\"ImageObject\",\"inLanguage\":\"fr-FR\",\"@id\":\"https:\/\/www.ibsasailing.com\/fr\/transat-jacques-vabre-jour-j-3\/#primaryimage\",\"url\":\"https:\/\/www.ibsasailing.com\/wp-content\/uploads\/2023\/10\/Sailing_TJV-updates-October-26.png\",\"contentUrl\":\"https:\/\/www.ibsasailing.com\/wp-content\/uploads\/2023\/10\/Sailing_TJV-updates-October-26.png\",\"width\":1280,\"height\":720},{\"@type\":\"BreadcrumbList\",\"@id\":\"https:\/\/www.ibsasailing.com\/fr\/transat-jacques-vabre-jour-j-3\/#breadcrumb\",\"itemListElement\":[{\"@type\":\"ListItem\",\"position\":1,\"name\":\"Home\",\"item\":\"https:\/\/www.ibsasailing.com\/fr\/\"},{\"@type\":\"ListItem\",\"position\":2,\"name\":\"TRANSAT JACQUES VABRE\u00a0| DAY -3\"}]},{\"@type\":\"WebSite\",\"@id\":\"https:\/\/www.ibsasailing.com\/#website\",\"url\":\"https:\/\/www.ibsasailing.com\/\",\"name\":\"IBSA Sailing\",\"description\":\"Sailing into the Future. Together\",\"publisher\":{\"@id\":\"https:\/\/www.ibsasailing.com\/#organization\"},\"potentialAction\":[{\"@type\":\"SearchAction\",\"target\":{\"@type\":\"EntryPoint\",\"urlTemplate\":\"https:\/\/www.ibsasailing.com\/?s={search_term_string}\"},\"query-input\":{\"@type\":\"PropertyValueSpecification\",\"valueRequired\":true,\"valueName\":\"search_term_string\"}}],\"inLanguage\":\"fr-FR\"},{\"@type\":\"Organization\",\"@id\":\"https:\/\/www.ibsasailing.com\/#organization\",\"name\":\"IBSA Sailing\",\"url\":\"https:\/\/www.ibsasailing.com\/\",\"logo\":{\"@type\":\"ImageObject\",\"inLanguage\":\"fr-FR\",\"@id\":\"https:\/\/www.ibsasailing.com\/#\/schema\/logo\/image\/\",\"url\":\"https:\/\/www.ibsasailing.com\/wp-content\/uploads\/2022\/11\/IBSA_RdR_StartDay40-1-scaled.jpg\",\"contentUrl\":\"https:\/\/www.ibsasailing.com\/wp-content\/uploads\/2022\/11\/IBSA_RdR_StartDay40-1-scaled.jpg\",\"width\":2560,\"height\":1523,\"caption\":\"IBSA Sailing\"},\"image\":{\"@id\":\"https:\/\/www.ibsasailing.com\/#\/schema\/logo\/image\/\"},\"sameAs\":[\"https:\/\/www.facebook.com\/ibsapharma\/\"]},{\"@type\":\"Person\",\"@id\":\"https:\/\/www.ibsasailing.com\/#\/schema\/person\/02f89a6839fa96270a63293d7ac29f01\",\"name\":\"Ornella\",\"image\":{\"@type\":\"ImageObject\",\"inLanguage\":\"fr-FR\",\"@id\":\"https:\/\/www.ibsasailing.com\/#\/schema\/person\/image\/\",\"url\":\"https:\/\/secure.gravatar.com\/avatar\/bfd663495f21f9b2d3817245f2290f613c0a3b61eda82df073092227d469b1ca?s=96&d=mm&r=g\",\"contentUrl\":\"https:\/\/secure.gravatar.com\/avatar\/bfd663495f21f9b2d3817245f2290f613c0a3b61eda82df073092227d469b1ca?s=96&d=mm&r=g\",\"caption\":\"Ornella\"},\"url\":\"https:\/\/www.ibsasailing.com\/fr\/author\/admin_noesis_nuovo\/\"}]}<\/script>\n<!-- \/ Yoast SEO plugin. -->","yoast_head_json":{"title":"TRANSAT JACQUES VABRE\u00a0| DAY -3 - IBSA Sailing","robots":{"index":"index","follow":"follow","max-snippet":"max-snippet:-1","max-image-preview":"max-image-preview:large","max-video-preview":"max-video-preview:-1"},"canonical":"https:\/\/www.ibsasailing.com\/fr\/transat-jacques-vabre-jour-j-3\/","og_locale":"fr_FR","og_type":"article","og_title":"TRANSAT JACQUES VABRE\u00a0| DAY -3 - IBSA Sailing","og_description":"Journ\u00e9e de rodage&nbsp;: trois jours avant le d\u00e9part de la 16e&nbsp;Transat Jacques Vabre, la ville du Havre se pr\u00e9pare \u00e0 accueillir plus de 100&nbsp;000&nbsp;personnes avec des mesures de s\u00e9curit\u00e9 renforc\u00e9es. Le vent est d\u00e9j\u00e0 pr\u00e9sent&nbsp;: des rafales de plus de 25&nbsp;n\u0153uds dans la Manche devant le port et qui devraient s\u2019intensifier dans les jours \u00e0 [&hellip;]","og_url":"https:\/\/www.ibsasailing.com\/fr\/transat-jacques-vabre-jour-j-3\/","og_site_name":"IBSA Sailing","article_publisher":"https:\/\/www.facebook.com\/ibsapharma\/","article_published_time":"2023-10-26T14:35:04+00:00","article_modified_time":"2023-11-14T10:38:31+00:00","og_image":[{"width":1280,"height":720,"url":"https:\/\/www.ibsasailing.com\/wp-content\/uploads\/2023\/10\/Sailing_TJV-updates-October-26.png","type":"image\/png"}],"author":"Ornella","twitter_card":"summary_large_image","twitter_misc":{"\u00c9crit par":"Ornella","Dur\u00e9e de lecture estim\u00e9e":"2 minutes"},"schema":{"@context":"https:\/\/schema.org","@graph":[{"@type":"Article","@id":"https:\/\/www.ibsasailing.com\/fr\/transat-jacques-vabre-jour-j-3\/#article","isPartOf":{"@id":"https:\/\/www.ibsasailing.com\/fr\/transat-jacques-vabre-jour-j-3\/"},"author":{"name":"Ornella","@id":"https:\/\/www.ibsasailing.com\/#\/schema\/person\/02f89a6839fa96270a63293d7ac29f01"},"headline":"TRANSAT JACQUES VABRE\u00a0| DAY -3","datePublished":"2023-10-26T14:35:04+00:00","dateModified":"2023-11-14T10:38:31+00:00","mainEntityOfPage":{"@id":"https:\/\/www.ibsasailing.com\/fr\/transat-jacques-vabre-jour-j-3\/"},"wordCount":313,"publisher":{"@id":"https:\/\/www.ibsasailing.com\/#organization"},"image":{"@id":"https:\/\/www.ibsasailing.com\/fr\/transat-jacques-vabre-jour-j-3\/#primaryimage"},"thumbnailUrl":"https:\/\/www.ibsasailing.com\/wp-content\/uploads\/2023\/10\/Sailing_TJV-updates-October-26.png","articleSection":["Notizie Flash Transat"],"inLanguage":"fr-FR"},{"@type":"WebPage","@id":"https:\/\/www.ibsasailing.com\/fr\/transat-jacques-vabre-jour-j-3\/","url":"https:\/\/www.ibsasailing.com\/fr\/transat-jacques-vabre-jour-j-3\/","name":"TRANSAT JACQUES VABRE\u00a0| DAY -3 - IBSA Sailing","isPartOf":{"@id":"https:\/\/www.ibsasailing.com\/#website"},"primaryImageOfPage":{"@id":"https:\/\/www.ibsasailing.com\/fr\/transat-jacques-vabre-jour-j-3\/#primaryimage"},"image":{"@id":"https:\/\/www.ibsasailing.com\/fr\/transat-jacques-vabre-jour-j-3\/#primaryimage"},"thumbnailUrl":"https:\/\/www.ibsasailing.com\/wp-content\/uploads\/2023\/10\/Sailing_TJV-updates-October-26.png","datePublished":"2023-10-26T14:35:04+00:00","dateModified":"2023-11-14T10:38:31+00:00","breadcrumb":{"@id":"https:\/\/www.ibsasailing.com\/fr\/transat-jacques-vabre-jour-j-3\/#breadcrumb"},"inLanguage":"fr-FR","potentialAction":[{"@type":"ReadAction","target":["https:\/\/www.ibsasailing.com\/fr\/transat-jacques-vabre-jour-j-3\/"]}]},{"@type":"ImageObject","inLanguage":"fr-FR","@id":"https:\/\/www.ibsasailing.com\/fr\/transat-jacques-vabre-jour-j-3\/#primaryimage","url":"https:\/\/www.ibsasailing.com\/wp-content\/uploads\/2023\/10\/Sailing_TJV-updates-October-26.png","contentUrl":"https:\/\/www.ibsasailing.com\/wp-content\/uploads\/2023\/10\/Sailing_TJV-updates-October-26.png","width":1280,"height":720},{"@type":"BreadcrumbList","@id":"https:\/\/www.ibsasailing.com\/fr\/transat-jacques-vabre-jour-j-3\/#breadcrumb","itemListElement":[{"@type":"ListItem","position":1,"name":"Home","item":"https:\/\/www.ibsasailing.com\/fr\/"},{"@type":"ListItem","position":2,"name":"TRANSAT JACQUES VABRE\u00a0| DAY -3"}]},{"@type":"WebSite","@id":"https:\/\/www.ibsasailing.com\/#website","url":"https:\/\/www.ibsasailing.com\/","name":"IBSA Sailing","description":"Sailing into the Future. Together","publisher":{"@id":"https:\/\/www.ibsasailing.com\/#organization"},"potentialAction":[{"@type":"SearchAction","target":{"@type":"EntryPoint","urlTemplate":"https:\/\/www.ibsasailing.com\/?s={search_term_string}"},"query-input":{"@type":"PropertyValueSpecification","valueRequired":true,"valueName":"search_term_string"}}],"inLanguage":"fr-FR"},{"@type":"Organization","@id":"https:\/\/www.ibsasailing.com\/#organization","name":"IBSA Sailing","url":"https:\/\/www.ibsasailing.com\/","logo":{"@type":"ImageObject","inLanguage":"fr-FR","@id":"https:\/\/www.ibsasailing.com\/#\/schema\/logo\/image\/","url":"https:\/\/www.ibsasailing.com\/wp-content\/uploads\/2022\/11\/IBSA_RdR_StartDay40-1-scaled.jpg","contentUrl":"https:\/\/www.ibsasailing.com\/wp-content\/uploads\/2022\/11\/IBSA_RdR_StartDay40-1-scaled.jpg","width":2560,"height":1523,"caption":"IBSA Sailing"},"image":{"@id":"https:\/\/www.ibsasailing.com\/#\/schema\/logo\/image\/"},"sameAs":["https:\/\/www.facebook.com\/ibsapharma\/"]},{"@type":"Person","@id":"https:\/\/www.ibsasailing.com\/#\/schema\/person\/02f89a6839fa96270a63293d7ac29f01","name":"Ornella","image":{"@type":"ImageObject","inLanguage":"fr-FR","@id":"https:\/\/www.ibsasailing.com\/#\/schema\/person\/image\/","url":"https:\/\/secure.gravatar.com\/avatar\/bfd663495f21f9b2d3817245f2290f613c0a3b61eda82df073092227d469b1ca?s=96&d=mm&r=g","contentUrl":"https:\/\/secure.gravatar.com\/avatar\/bfd663495f21f9b2d3817245f2290f613c0a3b61eda82df073092227d469b1ca?s=96&d=mm&r=g","caption":"Ornella"},"url":"https:\/\/www.ibsasailing.com\/fr\/author\/admin_noesis_nuovo\/"}]}},"_links":{"self":[{"href":"https:\/\/www.ibsasailing.com\/fr\/wp-json\/wp\/v2\/posts\/5492","targetHints":{"allow":["GET"]}}],"collection":[{"href":"https:\/\/www.ibsasailing.com\/fr\/wp-json\/wp\/v2\/posts"}],"about":[{"href":"https:\/\/www.ibsasailing.com\/fr\/wp-json\/wp\/v2\/types\/post"}],"author":[{"embeddable":true,"href":"https:\/\/www.ibsasailing.com\/fr\/wp-json\/wp\/v2\/users\/5"}],"replies":[{"embeddable":true,"href":"https:\/\/www.ibsasailing.com\/fr\/wp-json\/wp\/v2\/comments?post=5492"}],"version-history":[{"count":0,"href":"https:\/\/www.ibsasailing.com\/fr\/wp-json\/wp\/v2\/posts\/5492\/revisions"}],"wp:featuredmedia":[{"embeddable":true,"href":"https:\/\/www.ibsasailing.com\/fr\/wp-json\/wp\/v2\/media\/5507"}],"wp:attachment":[{"href":"https:\/\/www.ibsasailing.com\/fr\/wp-json\/wp\/v2\/media?parent=5492"}],"wp:term":[{"taxonomy":"category","embeddable":true,"href":"https:\/\/www.ibsasailing.com\/fr\/wp-json\/wp\/v2\/categories?post=5492"},{"taxonomy":"post_tag","embeddable":true,"href":"https:\/\/www.ibsasailing.com\/fr\/wp-json\/wp\/v2\/tags?post=5492"}],"curies":[{"name":"wp","href":"https:\/\/api.w.org\/{rel}","templated":true}]}}