{"id":5669,"date":"2023-11-02T16:26:25","date_gmt":"2023-11-02T15:26:25","guid":{"rendered":"https:\/\/www.ibsasailing.com\/?p=5669"},"modified":"2023-11-03T10:35:46","modified_gmt":"2023-11-03T09:35:46","slug":"transat-jacques-vabre-day-5","status":"publish","type":"post","link":"https:\/\/www.ibsasailing.com\/fr\/transat-jacques-vabre-day-5\/","title":{"rendered":"TRANSAT JACQUES VABRE | DAY 5"},"content":{"rendered":"\n<p>Une bataille diff\u00e9rente, non pas au milieu de l\u2019oc\u00e9an comme pr\u00e9vu, mais \u00e0 terre, aux amarres. Apr\u00e8s quatre jours du d\u00e9part de la Transat Jacques Vabre, <strong>seule la Classe Ultim est l\u00e0 o\u00f9 elle doit \u00eatre<\/strong>, c\u2019est-\u00e0-dire au milieu de l\u2019oc\u00e9an Atlantique, pr\u00e8s des \u00eeles Canaries, en direction de la Martinique. Les trois autres cat\u00e9gories, dont la Classe&nbsp;40, s\u2019affrontent, certes, mais pas entre marins au milieu de la mer, mais aux amarres contre une temp\u00eate d\u2019une rare ampleur.<\/p>\n\n\n\n<p><strong>Ciaran<\/strong>, comme a \u00e9t\u00e9 baptis\u00e9e la <strong>grande perturbation avec des vagues allant jusqu\u2019\u00e0 13&nbsp;m\u00e8tres<\/strong> et des vents hors \u00e9chelle pour la navigation, a frapp\u00e9 dans la nuit du 1<sup>er<\/sup>&nbsp;au 2&nbsp;novembre la Gascogne, la Manche, le nord de la France et le Royaume-Uni. Les marins ont pass\u00e9 la nuit \u00e9veill\u00e9s \u00e0 suivre en temps r\u00e9el l\u2019\u00e9volution de la perturbation et l\u2019\u00e9tat des bateaux et des amarres.<\/p>\n\n\n\n<p>Au Havre, l\u2019organisation de la Transat Jacques Vabre s\u2019est empress\u00e9e de d\u00e9manteler le village, de <strong>d\u00e9placer tous les Imoca et de les amarrer \u00e0 l\u2019anglaise&nbsp;\u2013 le long d\u2019un c\u00f4t\u00e9&nbsp;\u2013<\/strong> en pla\u00e7ant m\u00eame des camions \u00e0 des endroits strat\u00e9giques pour prot\u00e9ger les bateaux et les \u00e9quipements. <strong>\u00c0 Lorient<\/strong>, o\u00f9 se trouve le Class40&nbsp;<em>IBSA<\/em> ainsi que tous ses adversaires de Classe et les Ocean Fifty, les <strong>postes d\u2019amarrage ont \u00e9t\u00e9 renforc\u00e9s<\/strong> et de nombreuses personnes ont \u00e9t\u00e9 recrut\u00e9es pour prot\u00e9ger les bateaux.<\/p>\n\n\n\n<p>La direction de la course oc\u00e9anique a fait savoir hier que le <strong>d\u00e9part des Class40 et des Ocean Fifty pourrait \u00eatre donn\u00e9 d\u00e8s lundi<\/strong>, alors qu\u2019il semble y avoir une fen\u00eatre pour les Imoca pour dimanche. Encore deux jours pleins, donc, lors desquels les \u00e9quipages auront pour t\u00e2che de prot\u00e9ger leurs bateaux, d\u2019observer la nature se d\u00e9fouler avec une m\u00e9t\u00e9o extr\u00eamement rare, m\u00eame pour le nord de l\u2019Europe, et en m\u00eame temps de se pr\u00e9parer pour le prochain d\u00e9part.<\/p>\n\n\n\n<p>Des nouveaut\u00e9s sur l\u2019itin\u00e9raire sont encore attendues, car l\u2019organisation pourrait placer un <em>waypoint<\/em> de sorte que les \u00e9quipes choisissent leur itin\u00e9raire \u00e0 l\u2019int\u00e9rieur d\u2019une bande d\u2019oc\u00e9an d\u00e9finie, \u00e9vitant ainsi d\u2019aller trop au nord et de s\u2019exposer \u00e0 nouveau \u00e0 des conditions m\u00e9t\u00e9orologiques critiques. La solution laisse entrevoir une sorte de \u00ab&nbsp;segmentation&nbsp;\u00bb de la route vers le sud&nbsp;: en effet, pour rattraper le temps \u00ab&nbsp;perdu&nbsp;\u00bb jusqu\u2019\u00e0 pr\u00e9sent, l\u2019<strong>hypoth\u00e8se de l\u2019annulation de la porte<\/strong> qui obligeait les Class40 \u00e0 suivre la route vers le sud <strong>via le Cap-Vert<\/strong> pourrait se concr\u00e9tiser.<\/p>\n\n\n\n<figure class=\"wp-block-embed is-type-video is-provider-youtube wp-block-embed-youtube\"><div class=\"wp-block-embed__wrapper\">\n<div class=\"container-lazyload preview-lazyload container-youtube js-lazyload--not-loaded\"><a href=\"https:\/\/www.youtube.com\/watch?v=hq1CM_sAwL0\" class=\"lazy-load-youtube preview-lazyload preview-youtube\" data-video-title=\"Transat Jacques Vabre updates: 2 November\" title=\"Play video &quot;Transat Jacques Vabre updates: 2 November&quot;\">https:\/\/www.youtube.com\/watch?v=hq1CM_sAwL0<\/a><noscript>Video can&rsquo;t be loaded because JavaScript is disabled: <a href=\"https:\/\/www.youtube.com\/watch?v=hq1CM_sAwL0\" title=\"Transat Jacques Vabre updates: 2 November\">Transat Jacques Vabre updates: 2 November (https:\/\/www.youtube.com\/watch?v=hq1CM_sAwL0)<\/a><\/noscript><\/div>\n<\/div><\/figure>\n","protected":false},"excerpt":{"rendered":"<p>Une bataille diff\u00e9rente, non pas au milieu de l\u2019oc\u00e9an comme pr\u00e9vu, mais \u00e0 terre, aux amarres. Apr\u00e8s quatre jours du d\u00e9part de la Transat Jacques Vabre, seule la Classe Ultim est l\u00e0 o\u00f9 elle doit \u00eatre, c\u2019est-\u00e0-dire au milieu de l\u2019oc\u00e9an Atlantique, pr\u00e8s des \u00eeles Canaries, en direction de la Martinique. Les trois autres cat\u00e9gories, [&hellip;]<\/p>\n","protected":false},"author":6,"featured_media":0,"comment_status":"closed","ping_status":"open","sticky":false,"template":"","format":"standard","meta":{"_acf_changed":false,"ngg_post_thumbnail":0,"footnotes":""},"categories":[229],"tags":[],"class_list":["post-5669","post","type-post","status-publish","format-standard","hentry","category-approfondimento-fr-trans"],"acf":[],"yoast_head":"<!-- This site is optimized with the Yoast SEO plugin v24.3 - https:\/\/yoast.com\/wordpress\/plugins\/seo\/ -->\n<title>TRANSAT JACQUES VABRE | DAY 5 - IBSA Sailing<\/title>\n<meta name=\"robots\" content=\"index, follow, max-snippet:-1, max-image-preview:large, max-video-preview:-1\" \/>\n<link rel=\"canonical\" href=\"https:\/\/www.ibsasailing.com\/fr\/transat-jacques-vabre-day-5\/\" \/>\n<meta property=\"og:locale\" content=\"fr_FR\" \/>\n<meta property=\"og:type\" content=\"article\" \/>\n<meta property=\"og:title\" content=\"TRANSAT JACQUES VABRE | DAY 5 - IBSA Sailing\" \/>\n<meta property=\"og:description\" content=\"Une bataille diff\u00e9rente, non pas au milieu de l\u2019oc\u00e9an comme pr\u00e9vu, mais \u00e0 terre, aux amarres. Apr\u00e8s quatre jours du d\u00e9part de la Transat Jacques Vabre, seule la Classe Ultim est l\u00e0 o\u00f9 elle doit \u00eatre, c\u2019est-\u00e0-dire au milieu de l\u2019oc\u00e9an Atlantique, pr\u00e8s des \u00eeles Canaries, en direction de la Martinique. Les trois autres cat\u00e9gories, [&hellip;]\" \/>\n<meta property=\"og:url\" content=\"https:\/\/www.ibsasailing.com\/fr\/transat-jacques-vabre-day-5\/\" \/>\n<meta property=\"og:site_name\" content=\"IBSA Sailing\" \/>\n<meta property=\"article:publisher\" content=\"https:\/\/www.facebook.com\/ibsapharma\/\" \/>\n<meta property=\"article:published_time\" content=\"2023-11-02T15:26:25+00:00\" \/>\n<meta property=\"article:modified_time\" content=\"2023-11-03T09:35:46+00:00\" \/>\n<meta property=\"og:image\" content=\"https:\/\/www.ibsasailing.com\/wp-content\/uploads\/2023\/11\/Sailing_TJV-updates-November-02.png\" \/>\n\t<meta property=\"og:image:width\" content=\"1280\" \/>\n\t<meta property=\"og:image:height\" content=\"720\" \/>\n\t<meta property=\"og:image:type\" content=\"image\/png\" \/>\n<meta name=\"author\" content=\"Benedetta\" \/>\n<meta name=\"twitter:card\" content=\"summary_large_image\" \/>\n<meta name=\"twitter:label1\" content=\"\u00c9crit par\" \/>\n\t<meta name=\"twitter:data1\" content=\"Benedetta\" \/>\n\t<meta name=\"twitter:label2\" content=\"Dur\u00e9e de lecture estim\u00e9e\" \/>\n\t<meta name=\"twitter:data2\" content=\"3 minutes\" \/>\n<script type=\"application\/ld+json\" class=\"yoast-schema-graph\">{\"@context\":\"https:\/\/schema.org\",\"@graph\":[{\"@type\":\"Article\",\"@id\":\"https:\/\/www.ibsasailing.com\/fr\/transat-jacques-vabre-day-5\/#article\",\"isPartOf\":{\"@id\":\"https:\/\/www.ibsasailing.com\/fr\/transat-jacques-vabre-day-5\/\"},\"author\":{\"name\":\"Benedetta\",\"@id\":\"https:\/\/www.ibsasailing.com\/#\/schema\/person\/6941a0c6c8800bc9615ca42cb8e56eb4\"},\"headline\":\"TRANSAT JACQUES VABRE | DAY 5\",\"datePublished\":\"2023-11-02T15:26:25+00:00\",\"dateModified\":\"2023-11-03T09:35:46+00:00\",\"mainEntityOfPage\":{\"@id\":\"https:\/\/www.ibsasailing.com\/fr\/transat-jacques-vabre-day-5\/\"},\"wordCount\":483,\"publisher\":{\"@id\":\"https:\/\/www.ibsasailing.com\/#organization\"},\"articleSection\":[\"Notizie Flash Transat\"],\"inLanguage\":\"fr-FR\"},{\"@type\":\"WebPage\",\"@id\":\"https:\/\/www.ibsasailing.com\/fr\/transat-jacques-vabre-day-5\/\",\"url\":\"https:\/\/www.ibsasailing.com\/fr\/transat-jacques-vabre-day-5\/\",\"name\":\"TRANSAT JACQUES VABRE | DAY 5 - IBSA Sailing\",\"isPartOf\":{\"@id\":\"https:\/\/www.ibsasailing.com\/#website\"},\"datePublished\":\"2023-11-02T15:26:25+00:00\",\"dateModified\":\"2023-11-03T09:35:46+00:00\",\"breadcrumb\":{\"@id\":\"https:\/\/www.ibsasailing.com\/fr\/transat-jacques-vabre-day-5\/#breadcrumb\"},\"inLanguage\":\"fr-FR\",\"potentialAction\":[{\"@type\":\"ReadAction\",\"target\":[\"https:\/\/www.ibsasailing.com\/fr\/transat-jacques-vabre-day-5\/\"]}]},{\"@type\":\"BreadcrumbList\",\"@id\":\"https:\/\/www.ibsasailing.com\/fr\/transat-jacques-vabre-day-5\/#breadcrumb\",\"itemListElement\":[{\"@type\":\"ListItem\",\"position\":1,\"name\":\"Home\",\"item\":\"https:\/\/www.ibsasailing.com\/fr\/\"},{\"@type\":\"ListItem\",\"position\":2,\"name\":\"TRANSAT JACQUES VABRE | DAY 5\"}]},{\"@type\":\"WebSite\",\"@id\":\"https:\/\/www.ibsasailing.com\/#website\",\"url\":\"https:\/\/www.ibsasailing.com\/\",\"name\":\"IBSA Sailing\",\"description\":\"Sailing into the Future. Together\",\"publisher\":{\"@id\":\"https:\/\/www.ibsasailing.com\/#organization\"},\"potentialAction\":[{\"@type\":\"SearchAction\",\"target\":{\"@type\":\"EntryPoint\",\"urlTemplate\":\"https:\/\/www.ibsasailing.com\/?s={search_term_string}\"},\"query-input\":{\"@type\":\"PropertyValueSpecification\",\"valueRequired\":true,\"valueName\":\"search_term_string\"}}],\"inLanguage\":\"fr-FR\"},{\"@type\":\"Organization\",\"@id\":\"https:\/\/www.ibsasailing.com\/#organization\",\"name\":\"IBSA Sailing\",\"url\":\"https:\/\/www.ibsasailing.com\/\",\"logo\":{\"@type\":\"ImageObject\",\"inLanguage\":\"fr-FR\",\"@id\":\"https:\/\/www.ibsasailing.com\/#\/schema\/logo\/image\/\",\"url\":\"https:\/\/www.ibsasailing.com\/wp-content\/uploads\/2022\/11\/IBSA_RdR_StartDay40-1-scaled.jpg\",\"contentUrl\":\"https:\/\/www.ibsasailing.com\/wp-content\/uploads\/2022\/11\/IBSA_RdR_StartDay40-1-scaled.jpg\",\"width\":2560,\"height\":1523,\"caption\":\"IBSA Sailing\"},\"image\":{\"@id\":\"https:\/\/www.ibsasailing.com\/#\/schema\/logo\/image\/\"},\"sameAs\":[\"https:\/\/www.facebook.com\/ibsapharma\/\"]},{\"@type\":\"Person\",\"@id\":\"https:\/\/www.ibsasailing.com\/#\/schema\/person\/6941a0c6c8800bc9615ca42cb8e56eb4\",\"name\":\"Benedetta\",\"image\":{\"@type\":\"ImageObject\",\"inLanguage\":\"fr-FR\",\"@id\":\"https:\/\/www.ibsasailing.com\/#\/schema\/person\/image\/\",\"url\":\"https:\/\/secure.gravatar.com\/avatar\/7b6f4253d9e620c21deca72a80f18d0c62e3999630ce3fe961fea84856dd8ba0?s=96&d=mm&r=g\",\"contentUrl\":\"https:\/\/secure.gravatar.com\/avatar\/7b6f4253d9e620c21deca72a80f18d0c62e3999630ce3fe961fea84856dd8ba0?s=96&d=mm&r=g\",\"caption\":\"Benedetta\"},\"url\":\"https:\/\/www.ibsasailing.com\/fr\/author\/admin_noesis\/\"}]}<\/script>\n<!-- \/ Yoast SEO plugin. -->","yoast_head_json":{"title":"TRANSAT JACQUES VABRE | DAY 5 - IBSA Sailing","robots":{"index":"index","follow":"follow","max-snippet":"max-snippet:-1","max-image-preview":"max-image-preview:large","max-video-preview":"max-video-preview:-1"},"canonical":"https:\/\/www.ibsasailing.com\/fr\/transat-jacques-vabre-day-5\/","og_locale":"fr_FR","og_type":"article","og_title":"TRANSAT JACQUES VABRE | DAY 5 - IBSA Sailing","og_description":"Une bataille diff\u00e9rente, non pas au milieu de l\u2019oc\u00e9an comme pr\u00e9vu, mais \u00e0 terre, aux amarres. Apr\u00e8s quatre jours du d\u00e9part de la Transat Jacques Vabre, seule la Classe Ultim est l\u00e0 o\u00f9 elle doit \u00eatre, c\u2019est-\u00e0-dire au milieu de l\u2019oc\u00e9an Atlantique, pr\u00e8s des \u00eeles Canaries, en direction de la Martinique. Les trois autres cat\u00e9gories, [&hellip;]","og_url":"https:\/\/www.ibsasailing.com\/fr\/transat-jacques-vabre-day-5\/","og_site_name":"IBSA Sailing","article_publisher":"https:\/\/www.facebook.com\/ibsapharma\/","article_published_time":"2023-11-02T15:26:25+00:00","article_modified_time":"2023-11-03T09:35:46+00:00","og_image":[{"width":1280,"height":720,"url":"https:\/\/www.ibsasailing.com\/wp-content\/uploads\/2023\/11\/Sailing_TJV-updates-November-02.png","type":"image\/png"}],"author":"Benedetta","twitter_card":"summary_large_image","twitter_misc":{"\u00c9crit par":"Benedetta","Dur\u00e9e de lecture estim\u00e9e":"3 minutes"},"schema":{"@context":"https:\/\/schema.org","@graph":[{"@type":"Article","@id":"https:\/\/www.ibsasailing.com\/fr\/transat-jacques-vabre-day-5\/#article","isPartOf":{"@id":"https:\/\/www.ibsasailing.com\/fr\/transat-jacques-vabre-day-5\/"},"author":{"name":"Benedetta","@id":"https:\/\/www.ibsasailing.com\/#\/schema\/person\/6941a0c6c8800bc9615ca42cb8e56eb4"},"headline":"TRANSAT JACQUES VABRE | DAY 5","datePublished":"2023-11-02T15:26:25+00:00","dateModified":"2023-11-03T09:35:46+00:00","mainEntityOfPage":{"@id":"https:\/\/www.ibsasailing.com\/fr\/transat-jacques-vabre-day-5\/"},"wordCount":483,"publisher":{"@id":"https:\/\/www.ibsasailing.com\/#organization"},"articleSection":["Notizie Flash Transat"],"inLanguage":"fr-FR"},{"@type":"WebPage","@id":"https:\/\/www.ibsasailing.com\/fr\/transat-jacques-vabre-day-5\/","url":"https:\/\/www.ibsasailing.com\/fr\/transat-jacques-vabre-day-5\/","name":"TRANSAT JACQUES VABRE | DAY 5 - IBSA Sailing","isPartOf":{"@id":"https:\/\/www.ibsasailing.com\/#website"},"datePublished":"2023-11-02T15:26:25+00:00","dateModified":"2023-11-03T09:35:46+00:00","breadcrumb":{"@id":"https:\/\/www.ibsasailing.com\/fr\/transat-jacques-vabre-day-5\/#breadcrumb"},"inLanguage":"fr-FR","potentialAction":[{"@type":"ReadAction","target":["https:\/\/www.ibsasailing.com\/fr\/transat-jacques-vabre-day-5\/"]}]},{"@type":"BreadcrumbList","@id":"https:\/\/www.ibsasailing.com\/fr\/transat-jacques-vabre-day-5\/#breadcrumb","itemListElement":[{"@type":"ListItem","position":1,"name":"Home","item":"https:\/\/www.ibsasailing.com\/fr\/"},{"@type":"ListItem","position":2,"name":"TRANSAT JACQUES VABRE | DAY 5"}]},{"@type":"WebSite","@id":"https:\/\/www.ibsasailing.com\/#website","url":"https:\/\/www.ibsasailing.com\/","name":"IBSA Sailing","description":"Sailing into the Future. Together","publisher":{"@id":"https:\/\/www.ibsasailing.com\/#organization"},"potentialAction":[{"@type":"SearchAction","target":{"@type":"EntryPoint","urlTemplate":"https:\/\/www.ibsasailing.com\/?s={search_term_string}"},"query-input":{"@type":"PropertyValueSpecification","valueRequired":true,"valueName":"search_term_string"}}],"inLanguage":"fr-FR"},{"@type":"Organization","@id":"https:\/\/www.ibsasailing.com\/#organization","name":"IBSA Sailing","url":"https:\/\/www.ibsasailing.com\/","logo":{"@type":"ImageObject","inLanguage":"fr-FR","@id":"https:\/\/www.ibsasailing.com\/#\/schema\/logo\/image\/","url":"https:\/\/www.ibsasailing.com\/wp-content\/uploads\/2022\/11\/IBSA_RdR_StartDay40-1-scaled.jpg","contentUrl":"https:\/\/www.ibsasailing.com\/wp-content\/uploads\/2022\/11\/IBSA_RdR_StartDay40-1-scaled.jpg","width":2560,"height":1523,"caption":"IBSA Sailing"},"image":{"@id":"https:\/\/www.ibsasailing.com\/#\/schema\/logo\/image\/"},"sameAs":["https:\/\/www.facebook.com\/ibsapharma\/"]},{"@type":"Person","@id":"https:\/\/www.ibsasailing.com\/#\/schema\/person\/6941a0c6c8800bc9615ca42cb8e56eb4","name":"Benedetta","image":{"@type":"ImageObject","inLanguage":"fr-FR","@id":"https:\/\/www.ibsasailing.com\/#\/schema\/person\/image\/","url":"https:\/\/secure.gravatar.com\/avatar\/7b6f4253d9e620c21deca72a80f18d0c62e3999630ce3fe961fea84856dd8ba0?s=96&d=mm&r=g","contentUrl":"https:\/\/secure.gravatar.com\/avatar\/7b6f4253d9e620c21deca72a80f18d0c62e3999630ce3fe961fea84856dd8ba0?s=96&d=mm&r=g","caption":"Benedetta"},"url":"https:\/\/www.ibsasailing.com\/fr\/author\/admin_noesis\/"}]}},"_links":{"self":[{"href":"https:\/\/www.ibsasailing.com\/fr\/wp-json\/wp\/v2\/posts\/5669","targetHints":{"allow":["GET"]}}],"collection":[{"href":"https:\/\/www.ibsasailing.com\/fr\/wp-json\/wp\/v2\/posts"}],"about":[{"href":"https:\/\/www.ibsasailing.com\/fr\/wp-json\/wp\/v2\/types\/post"}],"author":[{"embeddable":true,"href":"https:\/\/www.ibsasailing.com\/fr\/wp-json\/wp\/v2\/users\/6"}],"replies":[{"embeddable":true,"href":"https:\/\/www.ibsasailing.com\/fr\/wp-json\/wp\/v2\/comments?post=5669"}],"version-history":[{"count":0,"href":"https:\/\/www.ibsasailing.com\/fr\/wp-json\/wp\/v2\/posts\/5669\/revisions"}],"wp:attachment":[{"href":"https:\/\/www.ibsasailing.com\/fr\/wp-json\/wp\/v2\/media?parent=5669"}],"wp:term":[{"taxonomy":"category","embeddable":true,"href":"https:\/\/www.ibsasailing.com\/fr\/wp-json\/wp\/v2\/categories?post=5669"},{"taxonomy":"post_tag","embeddable":true,"href":"https:\/\/www.ibsasailing.com\/fr\/wp-json\/wp\/v2\/tags?post=5669"}],"curies":[{"name":"wp","href":"https:\/\/api.w.org\/{rel}","templated":true}]}}