{"id":5946,"date":"2023-11-23T15:49:22","date_gmt":"2023-11-23T14:49:22","guid":{"rendered":"https:\/\/www.ibsasailing.com\/?p=5946"},"modified":"2023-11-24T09:39:27","modified_gmt":"2023-11-24T08:39:27","slug":"transat-jacques-vabre-day-26","status":"publish","type":"post","link":"https:\/\/www.ibsasailing.com\/fr\/transat-jacques-vabre-day-26\/","title":{"rendered":"TRANSAT JACQUES VABRE | DAY 26"},"content":{"rendered":"\n<p><strong>Finale \u00e0 suspense<\/strong> pour la Transat Jacques Vabre et le Class40&nbsp;<em>IBSA<\/em> qui, \u00e0 10&nbsp;h&nbsp;00 (heure de la Martinique), \u00e0 10,5&nbsp;n\u0153uds, s\u2019est \u00e9lanc\u00e9 vers la ligne d\u2019arriv\u00e9e et a attaqu\u00e9 ses concurrents directs pour monter sur le podium. Avec une heure d\u2019arriv\u00e9e estim\u00e9e entre 13&nbsp;h et 15&nbsp;h et 50&nbsp;milles \u00e0 parcourir, <strong>Alberto Bona et Pablo Santurde del Arco ont navigu\u00e9<\/strong> dans la nuit avec une grande d\u00e9termination <strong>et ont gagn\u00e9 de nombreux milles et deux positions sur<\/strong> leurs concurrents directs.<\/p>\n\n\n\n<p>Si l\u2019on exclut le bateau <em>Cr\u00e9dit Mutuel<\/em>&nbsp;\u2013 qui est en deuxi\u00e8me position mais qui, n\u2019ayant pas particip\u00e9 \u00e0 la premi\u00e8re \u00e9tape en raison d\u2019une rupture de m\u00e2t, terminera en bas du classement&nbsp;\u2013 le <strong>Class40&nbsp;<em>IBSA<\/em> se bat contre <em>Amarris<\/em> pour la deuxi\u00e8me place<\/strong>&nbsp;: l\u2019adversaire direct vient du nord et a actuellement dix milles d\u2019avance en mer plus 19&nbsp;minutes gagn\u00e9es dans la premi\u00e8re course, tandis qu\u2019Alberto Bona vient du sud, ce qui signifie que l\u2019approche diff\u00e9rente de la Martinique sera d\u00e9cisive pour les deux bateaux, une option suppl\u00e9mentaire pour l\u2019attaque du Class40&nbsp;<em>IBSA<\/em>.<\/p>\n\n\n\n<p>Pendant ce temps, \u00e0 13&nbsp;h&nbsp;00, heure italienne, Ambrogio Beccaria franchit la ligne d\u2019arriv\u00e9e en premi\u00e8re position, apr\u00e8s avoir parcouru la deuxi\u00e8me \u00e9tape pendant 18&nbsp;jours, 12&nbsp;heures, 21&nbsp;minutes et 55&nbsp;secondes.<em><\/em><\/p>\n","protected":false},"excerpt":{"rendered":"<p>Finale \u00e0 suspense pour la Transat Jacques Vabre et le Class40&nbsp;IBSA qui, \u00e0 10&nbsp;h&nbsp;00 (heure de la Martinique), \u00e0 10,5&nbsp;n\u0153uds, s\u2019est \u00e9lanc\u00e9 vers la ligne d\u2019arriv\u00e9e et a attaqu\u00e9 ses concurrents directs pour monter sur le podium. Avec une heure d\u2019arriv\u00e9e estim\u00e9e entre 13&nbsp;h et 15&nbsp;h et 50&nbsp;milles \u00e0 parcourir, Alberto Bona et Pablo Santurde [&hellip;]<\/p>\n","protected":false},"author":5,"featured_media":0,"comment_status":"closed","ping_status":"open","sticky":false,"template":"","format":"standard","meta":{"_acf_changed":false,"ngg_post_thumbnail":0,"footnotes":""},"categories":[229],"tags":[],"class_list":["post-5946","post","type-post","status-publish","format-standard","hentry","category-approfondimento-fr-trans"],"acf":[],"yoast_head":"<!-- This site is optimized with the Yoast SEO plugin v24.3 - https:\/\/yoast.com\/wordpress\/plugins\/seo\/ -->\n<title>TRANSAT JACQUES VABRE | DAY 26 - IBSA Sailing<\/title>\n<meta name=\"robots\" content=\"index, follow, max-snippet:-1, max-image-preview:large, max-video-preview:-1\" \/>\n<link rel=\"canonical\" href=\"https:\/\/www.ibsasailing.com\/fr\/transat-jacques-vabre-day-26\/\" \/>\n<meta property=\"og:locale\" content=\"fr_FR\" \/>\n<meta property=\"og:type\" content=\"article\" \/>\n<meta property=\"og:title\" content=\"TRANSAT JACQUES VABRE | DAY 26 - IBSA Sailing\" \/>\n<meta property=\"og:description\" content=\"Finale \u00e0 suspense pour la Transat Jacques Vabre et le Class40&nbsp;IBSA qui, \u00e0 10&nbsp;h&nbsp;00 (heure de la Martinique), \u00e0 10,5&nbsp;n\u0153uds, s\u2019est \u00e9lanc\u00e9 vers la ligne d\u2019arriv\u00e9e et a attaqu\u00e9 ses concurrents directs pour monter sur le podium. Avec une heure d\u2019arriv\u00e9e estim\u00e9e entre 13&nbsp;h et 15&nbsp;h et 50&nbsp;milles \u00e0 parcourir, Alberto Bona et Pablo Santurde [&hellip;]\" \/>\n<meta property=\"og:url\" content=\"https:\/\/www.ibsasailing.com\/fr\/transat-jacques-vabre-day-26\/\" \/>\n<meta property=\"og:site_name\" content=\"IBSA Sailing\" \/>\n<meta property=\"article:publisher\" content=\"https:\/\/www.facebook.com\/ibsapharma\/\" \/>\n<meta property=\"article:published_time\" content=\"2023-11-23T14:49:22+00:00\" \/>\n<meta property=\"article:modified_time\" content=\"2023-11-24T08:39:27+00:00\" \/>\n<meta property=\"og:image\" content=\"https:\/\/www.ibsasailing.com\/wp-content\/uploads\/2023\/11\/Sailing_TJV-updates-November-23.png\" \/>\n\t<meta property=\"og:image:width\" content=\"1280\" \/>\n\t<meta property=\"og:image:height\" content=\"720\" \/>\n\t<meta property=\"og:image:type\" content=\"image\/png\" \/>\n<meta name=\"author\" content=\"Ornella\" \/>\n<meta name=\"twitter:card\" content=\"summary_large_image\" \/>\n<meta name=\"twitter:label1\" content=\"\u00c9crit par\" \/>\n\t<meta name=\"twitter:data1\" content=\"Ornella\" \/>\n\t<meta name=\"twitter:label2\" content=\"Dur\u00e9e de lecture estim\u00e9e\" \/>\n\t<meta name=\"twitter:data2\" content=\"2 minutes\" \/>\n<script type=\"application\/ld+json\" class=\"yoast-schema-graph\">{\"@context\":\"https:\/\/schema.org\",\"@graph\":[{\"@type\":\"Article\",\"@id\":\"https:\/\/www.ibsasailing.com\/fr\/transat-jacques-vabre-day-26\/#article\",\"isPartOf\":{\"@id\":\"https:\/\/www.ibsasailing.com\/fr\/transat-jacques-vabre-day-26\/\"},\"author\":{\"name\":\"Ornella\",\"@id\":\"https:\/\/www.ibsasailing.com\/#\/schema\/person\/02f89a6839fa96270a63293d7ac29f01\"},\"headline\":\"TRANSAT JACQUES VABRE | DAY 26\",\"datePublished\":\"2023-11-23T14:49:22+00:00\",\"dateModified\":\"2023-11-24T08:39:27+00:00\",\"mainEntityOfPage\":{\"@id\":\"https:\/\/www.ibsasailing.com\/fr\/transat-jacques-vabre-day-26\/\"},\"wordCount\":248,\"publisher\":{\"@id\":\"https:\/\/www.ibsasailing.com\/#organization\"},\"articleSection\":[\"Notizie Flash Transat\"],\"inLanguage\":\"fr-FR\"},{\"@type\":\"WebPage\",\"@id\":\"https:\/\/www.ibsasailing.com\/fr\/transat-jacques-vabre-day-26\/\",\"url\":\"https:\/\/www.ibsasailing.com\/fr\/transat-jacques-vabre-day-26\/\",\"name\":\"TRANSAT JACQUES VABRE | DAY 26 - IBSA Sailing\",\"isPartOf\":{\"@id\":\"https:\/\/www.ibsasailing.com\/#website\"},\"datePublished\":\"2023-11-23T14:49:22+00:00\",\"dateModified\":\"2023-11-24T08:39:27+00:00\",\"breadcrumb\":{\"@id\":\"https:\/\/www.ibsasailing.com\/fr\/transat-jacques-vabre-day-26\/#breadcrumb\"},\"inLanguage\":\"fr-FR\",\"potentialAction\":[{\"@type\":\"ReadAction\",\"target\":[\"https:\/\/www.ibsasailing.com\/fr\/transat-jacques-vabre-day-26\/\"]}]},{\"@type\":\"BreadcrumbList\",\"@id\":\"https:\/\/www.ibsasailing.com\/fr\/transat-jacques-vabre-day-26\/#breadcrumb\",\"itemListElement\":[{\"@type\":\"ListItem\",\"position\":1,\"name\":\"Home\",\"item\":\"https:\/\/www.ibsasailing.com\/fr\/\"},{\"@type\":\"ListItem\",\"position\":2,\"name\":\"TRANSAT JACQUES VABRE | DAY 26\"}]},{\"@type\":\"WebSite\",\"@id\":\"https:\/\/www.ibsasailing.com\/#website\",\"url\":\"https:\/\/www.ibsasailing.com\/\",\"name\":\"IBSA Sailing\",\"description\":\"Sailing into the Future. Together\",\"publisher\":{\"@id\":\"https:\/\/www.ibsasailing.com\/#organization\"},\"potentialAction\":[{\"@type\":\"SearchAction\",\"target\":{\"@type\":\"EntryPoint\",\"urlTemplate\":\"https:\/\/www.ibsasailing.com\/?s={search_term_string}\"},\"query-input\":{\"@type\":\"PropertyValueSpecification\",\"valueRequired\":true,\"valueName\":\"search_term_string\"}}],\"inLanguage\":\"fr-FR\"},{\"@type\":\"Organization\",\"@id\":\"https:\/\/www.ibsasailing.com\/#organization\",\"name\":\"IBSA Sailing\",\"url\":\"https:\/\/www.ibsasailing.com\/\",\"logo\":{\"@type\":\"ImageObject\",\"inLanguage\":\"fr-FR\",\"@id\":\"https:\/\/www.ibsasailing.com\/#\/schema\/logo\/image\/\",\"url\":\"https:\/\/www.ibsasailing.com\/wp-content\/uploads\/2022\/11\/IBSA_RdR_StartDay40-1-scaled.jpg\",\"contentUrl\":\"https:\/\/www.ibsasailing.com\/wp-content\/uploads\/2022\/11\/IBSA_RdR_StartDay40-1-scaled.jpg\",\"width\":2560,\"height\":1523,\"caption\":\"IBSA Sailing\"},\"image\":{\"@id\":\"https:\/\/www.ibsasailing.com\/#\/schema\/logo\/image\/\"},\"sameAs\":[\"https:\/\/www.facebook.com\/ibsapharma\/\"]},{\"@type\":\"Person\",\"@id\":\"https:\/\/www.ibsasailing.com\/#\/schema\/person\/02f89a6839fa96270a63293d7ac29f01\",\"name\":\"Ornella\",\"image\":{\"@type\":\"ImageObject\",\"inLanguage\":\"fr-FR\",\"@id\":\"https:\/\/www.ibsasailing.com\/#\/schema\/person\/image\/\",\"url\":\"https:\/\/secure.gravatar.com\/avatar\/bfd663495f21f9b2d3817245f2290f613c0a3b61eda82df073092227d469b1ca?s=96&d=mm&r=g\",\"contentUrl\":\"https:\/\/secure.gravatar.com\/avatar\/bfd663495f21f9b2d3817245f2290f613c0a3b61eda82df073092227d469b1ca?s=96&d=mm&r=g\",\"caption\":\"Ornella\"},\"url\":\"https:\/\/www.ibsasailing.com\/fr\/author\/admin_noesis_nuovo\/\"}]}<\/script>\n<!-- \/ Yoast SEO plugin. -->","yoast_head_json":{"title":"TRANSAT JACQUES VABRE | DAY 26 - IBSA Sailing","robots":{"index":"index","follow":"follow","max-snippet":"max-snippet:-1","max-image-preview":"max-image-preview:large","max-video-preview":"max-video-preview:-1"},"canonical":"https:\/\/www.ibsasailing.com\/fr\/transat-jacques-vabre-day-26\/","og_locale":"fr_FR","og_type":"article","og_title":"TRANSAT JACQUES VABRE | DAY 26 - IBSA Sailing","og_description":"Finale \u00e0 suspense pour la Transat Jacques Vabre et le Class40&nbsp;IBSA qui, \u00e0 10&nbsp;h&nbsp;00 (heure de la Martinique), \u00e0 10,5&nbsp;n\u0153uds, s\u2019est \u00e9lanc\u00e9 vers la ligne d\u2019arriv\u00e9e et a attaqu\u00e9 ses concurrents directs pour monter sur le podium. Avec une heure d\u2019arriv\u00e9e estim\u00e9e entre 13&nbsp;h et 15&nbsp;h et 50&nbsp;milles \u00e0 parcourir, Alberto Bona et Pablo Santurde [&hellip;]","og_url":"https:\/\/www.ibsasailing.com\/fr\/transat-jacques-vabre-day-26\/","og_site_name":"IBSA Sailing","article_publisher":"https:\/\/www.facebook.com\/ibsapharma\/","article_published_time":"2023-11-23T14:49:22+00:00","article_modified_time":"2023-11-24T08:39:27+00:00","og_image":[{"width":1280,"height":720,"url":"https:\/\/www.ibsasailing.com\/wp-content\/uploads\/2023\/11\/Sailing_TJV-updates-November-23.png","type":"image\/png"}],"author":"Ornella","twitter_card":"summary_large_image","twitter_misc":{"\u00c9crit par":"Ornella","Dur\u00e9e de lecture estim\u00e9e":"2 minutes"},"schema":{"@context":"https:\/\/schema.org","@graph":[{"@type":"Article","@id":"https:\/\/www.ibsasailing.com\/fr\/transat-jacques-vabre-day-26\/#article","isPartOf":{"@id":"https:\/\/www.ibsasailing.com\/fr\/transat-jacques-vabre-day-26\/"},"author":{"name":"Ornella","@id":"https:\/\/www.ibsasailing.com\/#\/schema\/person\/02f89a6839fa96270a63293d7ac29f01"},"headline":"TRANSAT JACQUES VABRE | DAY 26","datePublished":"2023-11-23T14:49:22+00:00","dateModified":"2023-11-24T08:39:27+00:00","mainEntityOfPage":{"@id":"https:\/\/www.ibsasailing.com\/fr\/transat-jacques-vabre-day-26\/"},"wordCount":248,"publisher":{"@id":"https:\/\/www.ibsasailing.com\/#organization"},"articleSection":["Notizie Flash Transat"],"inLanguage":"fr-FR"},{"@type":"WebPage","@id":"https:\/\/www.ibsasailing.com\/fr\/transat-jacques-vabre-day-26\/","url":"https:\/\/www.ibsasailing.com\/fr\/transat-jacques-vabre-day-26\/","name":"TRANSAT JACQUES VABRE | DAY 26 - IBSA Sailing","isPartOf":{"@id":"https:\/\/www.ibsasailing.com\/#website"},"datePublished":"2023-11-23T14:49:22+00:00","dateModified":"2023-11-24T08:39:27+00:00","breadcrumb":{"@id":"https:\/\/www.ibsasailing.com\/fr\/transat-jacques-vabre-day-26\/#breadcrumb"},"inLanguage":"fr-FR","potentialAction":[{"@type":"ReadAction","target":["https:\/\/www.ibsasailing.com\/fr\/transat-jacques-vabre-day-26\/"]}]},{"@type":"BreadcrumbList","@id":"https:\/\/www.ibsasailing.com\/fr\/transat-jacques-vabre-day-26\/#breadcrumb","itemListElement":[{"@type":"ListItem","position":1,"name":"Home","item":"https:\/\/www.ibsasailing.com\/fr\/"},{"@type":"ListItem","position":2,"name":"TRANSAT JACQUES VABRE | DAY 26"}]},{"@type":"WebSite","@id":"https:\/\/www.ibsasailing.com\/#website","url":"https:\/\/www.ibsasailing.com\/","name":"IBSA Sailing","description":"Sailing into the Future. Together","publisher":{"@id":"https:\/\/www.ibsasailing.com\/#organization"},"potentialAction":[{"@type":"SearchAction","target":{"@type":"EntryPoint","urlTemplate":"https:\/\/www.ibsasailing.com\/?s={search_term_string}"},"query-input":{"@type":"PropertyValueSpecification","valueRequired":true,"valueName":"search_term_string"}}],"inLanguage":"fr-FR"},{"@type":"Organization","@id":"https:\/\/www.ibsasailing.com\/#organization","name":"IBSA Sailing","url":"https:\/\/www.ibsasailing.com\/","logo":{"@type":"ImageObject","inLanguage":"fr-FR","@id":"https:\/\/www.ibsasailing.com\/#\/schema\/logo\/image\/","url":"https:\/\/www.ibsasailing.com\/wp-content\/uploads\/2022\/11\/IBSA_RdR_StartDay40-1-scaled.jpg","contentUrl":"https:\/\/www.ibsasailing.com\/wp-content\/uploads\/2022\/11\/IBSA_RdR_StartDay40-1-scaled.jpg","width":2560,"height":1523,"caption":"IBSA Sailing"},"image":{"@id":"https:\/\/www.ibsasailing.com\/#\/schema\/logo\/image\/"},"sameAs":["https:\/\/www.facebook.com\/ibsapharma\/"]},{"@type":"Person","@id":"https:\/\/www.ibsasailing.com\/#\/schema\/person\/02f89a6839fa96270a63293d7ac29f01","name":"Ornella","image":{"@type":"ImageObject","inLanguage":"fr-FR","@id":"https:\/\/www.ibsasailing.com\/#\/schema\/person\/image\/","url":"https:\/\/secure.gravatar.com\/avatar\/bfd663495f21f9b2d3817245f2290f613c0a3b61eda82df073092227d469b1ca?s=96&d=mm&r=g","contentUrl":"https:\/\/secure.gravatar.com\/avatar\/bfd663495f21f9b2d3817245f2290f613c0a3b61eda82df073092227d469b1ca?s=96&d=mm&r=g","caption":"Ornella"},"url":"https:\/\/www.ibsasailing.com\/fr\/author\/admin_noesis_nuovo\/"}]}},"_links":{"self":[{"href":"https:\/\/www.ibsasailing.com\/fr\/wp-json\/wp\/v2\/posts\/5946","targetHints":{"allow":["GET"]}}],"collection":[{"href":"https:\/\/www.ibsasailing.com\/fr\/wp-json\/wp\/v2\/posts"}],"about":[{"href":"https:\/\/www.ibsasailing.com\/fr\/wp-json\/wp\/v2\/types\/post"}],"author":[{"embeddable":true,"href":"https:\/\/www.ibsasailing.com\/fr\/wp-json\/wp\/v2\/users\/5"}],"replies":[{"embeddable":true,"href":"https:\/\/www.ibsasailing.com\/fr\/wp-json\/wp\/v2\/comments?post=5946"}],"version-history":[{"count":3,"href":"https:\/\/www.ibsasailing.com\/fr\/wp-json\/wp\/v2\/posts\/5946\/revisions"}],"predecessor-version":[{"id":5952,"href":"https:\/\/www.ibsasailing.com\/fr\/wp-json\/wp\/v2\/posts\/5946\/revisions\/5952"}],"wp:attachment":[{"href":"https:\/\/www.ibsasailing.com\/fr\/wp-json\/wp\/v2\/media?parent=5946"}],"wp:term":[{"taxonomy":"category","embeddable":true,"href":"https:\/\/www.ibsasailing.com\/fr\/wp-json\/wp\/v2\/categories?post=5946"},{"taxonomy":"post_tag","embeddable":true,"href":"https:\/\/www.ibsasailing.com\/fr\/wp-json\/wp\/v2\/tags?post=5946"}],"curies":[{"name":"wp","href":"https:\/\/api.w.org\/{rel}","templated":true}]}}