{"id":8354,"date":"2024-08-21T09:38:58","date_gmt":"2024-08-21T07:38:58","guid":{"rendered":"https:\/\/www.ibsasailing.com\/?p=8354"},"modified":"2024-12-19T14:56:30","modified_gmt":"2024-12-19T13:56:30","slug":"la-deuxieme-edition-de-la-coppa-ibsa-au-nom-du-sport-et-de-linclusion","status":"publish","type":"post","link":"https:\/\/www.ibsasailing.com\/fr\/la-deuxieme-edition-de-la-coppa-ibsa-au-nom-du-sport-et-de-linclusion\/","title":{"rendered":"La deuxi\u00e8me \u00e9dition de la Coppa\u00a0IBSA au nom du sport et de l\u2019inclusion"},"content":{"rendered":"\n<p>\u00c0 la suite du <a href=\"https:\/\/www.ibsasailing.com\/fr\/competition-saine-et-inclusion-sont-les-protagonistes-de-la-1re-coupe-ibsa\/\">succ\u00e8s de l\u2019\u00e9dition&nbsp;2023<\/a>, <strong>la Coppa IBSA reviendra sur le lac de Lugano les 31&nbsp;ao\u00fbt et 1<sup>er<\/sup>&nbsp;septembre pour sa deuxi\u00e8me \u00e9dition<\/strong>. Le Circolo Velico Lago di Lugano&nbsp;(CVLL) a renomm\u00e9 l\u2019ann\u00e9e derni\u00e8re cette comp\u00e9tition de fin d\u2019\u00e9t\u00e9 en l\u2019honneur de son principal sponsor.<\/p>\n\n\n\n<p>Cette deuxi\u00e8me \u00e9dition de la Coppa IBSA r\u00e9unira <strong>une trentaine d\u2019embarcation<\/strong>s, appartenant \u00e0 diff\u00e9rentes classes de voile, dont Optimist et Laser, pour un total d\u2019environ 150&nbsp;participants.<\/p>\n\n\n\n<p><strong>&nbsp; <\/strong>La Coppa&nbsp;IBSA verra \u00e9galement la participation d\u2019<strong>athl\u00e8tes de l\u2019Associazione Velabili<\/strong>, une association bas\u00e9e aupr\u00e8s du CVLL qui promeut la pratique de la voile pour les personnes handicap\u00e9es. Les athl\u00e8tes de Velabili, qu\u2019IBSA soutient depuis&nbsp;2023 dans le cadre du projet <em>Sailing into the Future<\/em>.<em> Together<\/em>, concourront \u00e0 <strong>bord des Hansa303<\/strong>, des embarcations con\u00e7ues pour une navigation s\u00fbre et accessible.<\/p>\n\n\n\n<p>Pour t\u00e9moigner de l\u2019implication consid\u00e9rable d\u2019IBSA en faveur de l\u2019inclusion et de la promotion du sport, <strong>certains membres du personnel d\u2019IBSA participeront eux aussi \u00e0 la comp\u00e9tition<\/strong> <strong>dans deux \u00e9quipages<\/strong>. IBSA animera \u00e9galement un <strong>stand<\/strong> pendant les deux jours de l\u2019\u00e9v\u00e9nement.<\/p>\n\n\n\n<ul class=\"wp-block-list\">\n<li><strong>Pour s\u2019inscrire \u00e0 la course\u00a0:<\/strong><a href=\"https:\/\/cvll.ch\/evento\/coppa-ibsa\/\"><strong> cvll.ch\/evento\/coppa-ibsa<\/strong><\/a><strong> <\/strong><\/li>\n\n\n\n<li><strong>Plus d\u2019informations sur la Coppa\u00a0IBSA\u00a02024\u00a0: <\/strong><a href=\"http:\/\/www.ibsa.swiss\/it\/coppa-ibsa-auflage-2024.html\"><strong>www.ibsa.swiss\/it\/coppa-ibsa-auflage-2024.html<\/strong><\/a><\/li>\n\n\n\n<li><strong>Programme <u>au format PDF<\/u> <\/strong><\/li>\n<\/ul>\n\n\n\n<div data-wp-interactive=\"core\/file\" class=\"wp-block-file\"><object data-wp-bind--hidden=\"!state.hasPdfPreview\" hidden class=\"wp-block-file__embed\" data=\"https:\/\/www.ibsasailing.com\/wp-content\/uploads\/2024\/08\/Programma_Coppa_IBSA_2024.pdf\" type=\"application\/pdf\" style=\"width:100%;height:600px\" aria-label=\"Contenu embarqu\u00e9 Programma_Coppa_IBSA_2024.\"><\/object><a id=\"wp-block-file--media-e7c87923-85b5-4926-b85c-d12d99b6f9a5\" href=\"https:\/\/www.ibsasailing.com\/wp-content\/uploads\/2024\/08\/Programma_Coppa_IBSA_2024.pdf\">Programma_Coppa_IBSA_2024<\/a><a href=\"https:\/\/www.ibsasailing.com\/wp-content\/uploads\/2024\/08\/Programma_Coppa_IBSA_2024.pdf\" class=\"wp-block-file__button wp-element-button\" download aria-describedby=\"wp-block-file--media-e7c87923-85b5-4926-b85c-d12d99b6f9a5\">Download<\/a><\/div>\n","protected":false},"excerpt":{"rendered":"<p>\u00c0 la suite du succ\u00e8s de l\u2019\u00e9dition&nbsp;2023, la Coppa IBSA reviendra sur le lac de Lugano les 31&nbsp;ao\u00fbt et 1er&nbsp;septembre pour sa deuxi\u00e8me \u00e9dition. Le Circolo Velico Lago di Lugano&nbsp;(CVLL) a renomm\u00e9 l\u2019ann\u00e9e derni\u00e8re cette comp\u00e9tition de fin d\u2019\u00e9t\u00e9 en l\u2019honneur de son principal sponsor. Cette deuxi\u00e8me \u00e9dition de la Coppa IBSA r\u00e9unira une trentaine [&hellip;]<\/p>\n","protected":false},"author":6,"featured_media":8205,"comment_status":"closed","ping_status":"open","sticky":false,"template":"","format":"standard","meta":{"_acf_changed":false,"ngg_post_thumbnail":0,"footnotes":""},"categories":[267,48],"tags":[],"class_list":["post-8354","post","type-post","status-publish","format-standard","has-post-thumbnail","hentry","category-vela-svizzera-fr","category-inclusiva-fr"],"acf":[],"yoast_head":"<!-- This site is optimized with the Yoast SEO plugin v24.3 - https:\/\/yoast.com\/wordpress\/plugins\/seo\/ -->\n<title>La deuxi\u00e8me \u00e9dition de la Coppa\u00a0IBSA au nom du sport et de l\u2019inclusion - IBSA Sailing<\/title>\n<meta name=\"robots\" content=\"index, follow, max-snippet:-1, max-image-preview:large, max-video-preview:-1\" \/>\n<link rel=\"canonical\" href=\"https:\/\/www.ibsasailing.com\/fr\/la-deuxieme-edition-de-la-coppa-ibsa-au-nom-du-sport-et-de-linclusion\/\" \/>\n<meta property=\"og:locale\" content=\"fr_FR\" \/>\n<meta property=\"og:type\" content=\"article\" \/>\n<meta property=\"og:title\" content=\"La deuxi\u00e8me \u00e9dition de la Coppa\u00a0IBSA au nom du sport et de l\u2019inclusion - IBSA Sailing\" \/>\n<meta property=\"og:description\" content=\"\u00c0 la suite du succ\u00e8s de l\u2019\u00e9dition&nbsp;2023, la Coppa IBSA reviendra sur le lac de Lugano les 31&nbsp;ao\u00fbt et 1er&nbsp;septembre pour sa deuxi\u00e8me \u00e9dition. Le Circolo Velico Lago di Lugano&nbsp;(CVLL) a renomm\u00e9 l\u2019ann\u00e9e derni\u00e8re cette comp\u00e9tition de fin d\u2019\u00e9t\u00e9 en l\u2019honneur de son principal sponsor. Cette deuxi\u00e8me \u00e9dition de la Coppa IBSA r\u00e9unira une trentaine [&hellip;]\" \/>\n<meta property=\"og:url\" content=\"https:\/\/www.ibsasailing.com\/fr\/la-deuxieme-edition-de-la-coppa-ibsa-au-nom-du-sport-et-de-linclusion\/\" \/>\n<meta property=\"og:site_name\" content=\"IBSA Sailing\" \/>\n<meta property=\"article:publisher\" content=\"https:\/\/www.facebook.com\/ibsapharma\/\" \/>\n<meta property=\"article:published_time\" content=\"2024-08-21T07:38:58+00:00\" \/>\n<meta property=\"article:modified_time\" content=\"2024-12-19T13:56:30+00:00\" \/>\n<meta property=\"og:image\" content=\"https:\/\/www.ibsasailing.com\/wp-content\/uploads\/2024\/07\/100-e1722421942916.jpg\" \/>\n\t<meta property=\"og:image:width\" content=\"2055\" \/>\n\t<meta property=\"og:image:height\" content=\"1370\" \/>\n\t<meta property=\"og:image:type\" content=\"image\/jpeg\" \/>\n<meta name=\"author\" content=\"Benedetta\" \/>\n<meta name=\"twitter:card\" content=\"summary_large_image\" \/>\n<meta name=\"twitter:label1\" content=\"\u00c9crit par\" \/>\n\t<meta name=\"twitter:data1\" content=\"Benedetta\" \/>\n\t<meta name=\"twitter:label2\" content=\"Dur\u00e9e de lecture estim\u00e9e\" \/>\n\t<meta name=\"twitter:data2\" content=\"2 minutes\" \/>\n<script type=\"application\/ld+json\" class=\"yoast-schema-graph\">{\"@context\":\"https:\/\/schema.org\",\"@graph\":[{\"@type\":\"Article\",\"@id\":\"https:\/\/www.ibsasailing.com\/fr\/la-deuxieme-edition-de-la-coppa-ibsa-au-nom-du-sport-et-de-linclusion\/#article\",\"isPartOf\":{\"@id\":\"https:\/\/www.ibsasailing.com\/fr\/la-deuxieme-edition-de-la-coppa-ibsa-au-nom-du-sport-et-de-linclusion\/\"},\"author\":{\"name\":\"Benedetta\",\"@id\":\"https:\/\/www.ibsasailing.com\/#\/schema\/person\/6941a0c6c8800bc9615ca42cb8e56eb4\"},\"headline\":\"La deuxi\u00e8me \u00e9dition de la Coppa\u00a0IBSA au nom du sport et de l\u2019inclusion\",\"datePublished\":\"2024-08-21T07:38:58+00:00\",\"dateModified\":\"2024-12-19T13:56:30+00:00\",\"mainEntityOfPage\":{\"@id\":\"https:\/\/www.ibsasailing.com\/fr\/la-deuxieme-edition-de-la-coppa-ibsa-au-nom-du-sport-et-de-linclusion\/\"},\"wordCount\":257,\"publisher\":{\"@id\":\"https:\/\/www.ibsasailing.com\/#organization\"},\"image\":{\"@id\":\"https:\/\/www.ibsasailing.com\/fr\/la-deuxieme-edition-de-la-coppa-ibsa-au-nom-du-sport-et-de-linclusion\/#primaryimage\"},\"thumbnailUrl\":\"https:\/\/www.ibsasailing.com\/wp-content\/uploads\/2024\/07\/100-e1722421942916.jpg\",\"articleSection\":[\"Vela inclusiva Svizzera\",\"Voile Solidaire\"],\"inLanguage\":\"fr-FR\"},{\"@type\":\"WebPage\",\"@id\":\"https:\/\/www.ibsasailing.com\/fr\/la-deuxieme-edition-de-la-coppa-ibsa-au-nom-du-sport-et-de-linclusion\/\",\"url\":\"https:\/\/www.ibsasailing.com\/fr\/la-deuxieme-edition-de-la-coppa-ibsa-au-nom-du-sport-et-de-linclusion\/\",\"name\":\"La deuxi\u00e8me \u00e9dition de la Coppa\u00a0IBSA au nom du sport et de l\u2019inclusion - IBSA Sailing\",\"isPartOf\":{\"@id\":\"https:\/\/www.ibsasailing.com\/#website\"},\"primaryImageOfPage\":{\"@id\":\"https:\/\/www.ibsasailing.com\/fr\/la-deuxieme-edition-de-la-coppa-ibsa-au-nom-du-sport-et-de-linclusion\/#primaryimage\"},\"image\":{\"@id\":\"https:\/\/www.ibsasailing.com\/fr\/la-deuxieme-edition-de-la-coppa-ibsa-au-nom-du-sport-et-de-linclusion\/#primaryimage\"},\"thumbnailUrl\":\"https:\/\/www.ibsasailing.com\/wp-content\/uploads\/2024\/07\/100-e1722421942916.jpg\",\"datePublished\":\"2024-08-21T07:38:58+00:00\",\"dateModified\":\"2024-12-19T13:56:30+00:00\",\"breadcrumb\":{\"@id\":\"https:\/\/www.ibsasailing.com\/fr\/la-deuxieme-edition-de-la-coppa-ibsa-au-nom-du-sport-et-de-linclusion\/#breadcrumb\"},\"inLanguage\":\"fr-FR\",\"potentialAction\":[{\"@type\":\"ReadAction\",\"target\":[\"https:\/\/www.ibsasailing.com\/fr\/la-deuxieme-edition-de-la-coppa-ibsa-au-nom-du-sport-et-de-linclusion\/\"]}]},{\"@type\":\"ImageObject\",\"inLanguage\":\"fr-FR\",\"@id\":\"https:\/\/www.ibsasailing.com\/fr\/la-deuxieme-edition-de-la-coppa-ibsa-au-nom-du-sport-et-de-linclusion\/#primaryimage\",\"url\":\"https:\/\/www.ibsasailing.com\/wp-content\/uploads\/2024\/07\/100-e1722421942916.jpg\",\"contentUrl\":\"https:\/\/www.ibsasailing.com\/wp-content\/uploads\/2024\/07\/100-e1722421942916.jpg\",\"width\":2055,\"height\":1370},{\"@type\":\"BreadcrumbList\",\"@id\":\"https:\/\/www.ibsasailing.com\/fr\/la-deuxieme-edition-de-la-coppa-ibsa-au-nom-du-sport-et-de-linclusion\/#breadcrumb\",\"itemListElement\":[{\"@type\":\"ListItem\",\"position\":1,\"name\":\"Home\",\"item\":\"https:\/\/www.ibsasailing.com\/fr\/\"},{\"@type\":\"ListItem\",\"position\":2,\"name\":\"La deuxi\u00e8me \u00e9dition de la Coppa\u00a0IBSA au nom du sport et de l\u2019inclusion\"}]},{\"@type\":\"WebSite\",\"@id\":\"https:\/\/www.ibsasailing.com\/#website\",\"url\":\"https:\/\/www.ibsasailing.com\/\",\"name\":\"IBSA Sailing\",\"description\":\"Sailing into the Future. Together\",\"publisher\":{\"@id\":\"https:\/\/www.ibsasailing.com\/#organization\"},\"potentialAction\":[{\"@type\":\"SearchAction\",\"target\":{\"@type\":\"EntryPoint\",\"urlTemplate\":\"https:\/\/www.ibsasailing.com\/?s={search_term_string}\"},\"query-input\":{\"@type\":\"PropertyValueSpecification\",\"valueRequired\":true,\"valueName\":\"search_term_string\"}}],\"inLanguage\":\"fr-FR\"},{\"@type\":\"Organization\",\"@id\":\"https:\/\/www.ibsasailing.com\/#organization\",\"name\":\"IBSA Sailing\",\"url\":\"https:\/\/www.ibsasailing.com\/\",\"logo\":{\"@type\":\"ImageObject\",\"inLanguage\":\"fr-FR\",\"@id\":\"https:\/\/www.ibsasailing.com\/#\/schema\/logo\/image\/\",\"url\":\"https:\/\/www.ibsasailing.com\/wp-content\/uploads\/2022\/11\/IBSA_RdR_StartDay40-1-scaled.jpg\",\"contentUrl\":\"https:\/\/www.ibsasailing.com\/wp-content\/uploads\/2022\/11\/IBSA_RdR_StartDay40-1-scaled.jpg\",\"width\":2560,\"height\":1523,\"caption\":\"IBSA Sailing\"},\"image\":{\"@id\":\"https:\/\/www.ibsasailing.com\/#\/schema\/logo\/image\/\"},\"sameAs\":[\"https:\/\/www.facebook.com\/ibsapharma\/\"]},{\"@type\":\"Person\",\"@id\":\"https:\/\/www.ibsasailing.com\/#\/schema\/person\/6941a0c6c8800bc9615ca42cb8e56eb4\",\"name\":\"Benedetta\",\"image\":{\"@type\":\"ImageObject\",\"inLanguage\":\"fr-FR\",\"@id\":\"https:\/\/www.ibsasailing.com\/#\/schema\/person\/image\/\",\"url\":\"https:\/\/secure.gravatar.com\/avatar\/7b6f4253d9e620c21deca72a80f18d0c62e3999630ce3fe961fea84856dd8ba0?s=96&d=mm&r=g\",\"contentUrl\":\"https:\/\/secure.gravatar.com\/avatar\/7b6f4253d9e620c21deca72a80f18d0c62e3999630ce3fe961fea84856dd8ba0?s=96&d=mm&r=g\",\"caption\":\"Benedetta\"},\"url\":\"https:\/\/www.ibsasailing.com\/fr\/author\/admin_noesis\/\"}]}<\/script>\n<!-- \/ Yoast SEO plugin. -->","yoast_head_json":{"title":"La deuxi\u00e8me \u00e9dition de la Coppa\u00a0IBSA au nom du sport et de l\u2019inclusion - IBSA Sailing","robots":{"index":"index","follow":"follow","max-snippet":"max-snippet:-1","max-image-preview":"max-image-preview:large","max-video-preview":"max-video-preview:-1"},"canonical":"https:\/\/www.ibsasailing.com\/fr\/la-deuxieme-edition-de-la-coppa-ibsa-au-nom-du-sport-et-de-linclusion\/","og_locale":"fr_FR","og_type":"article","og_title":"La deuxi\u00e8me \u00e9dition de la Coppa\u00a0IBSA au nom du sport et de l\u2019inclusion - IBSA Sailing","og_description":"\u00c0 la suite du succ\u00e8s de l\u2019\u00e9dition&nbsp;2023, la Coppa IBSA reviendra sur le lac de Lugano les 31&nbsp;ao\u00fbt et 1er&nbsp;septembre pour sa deuxi\u00e8me \u00e9dition. Le Circolo Velico Lago di Lugano&nbsp;(CVLL) a renomm\u00e9 l\u2019ann\u00e9e derni\u00e8re cette comp\u00e9tition de fin d\u2019\u00e9t\u00e9 en l\u2019honneur de son principal sponsor. Cette deuxi\u00e8me \u00e9dition de la Coppa IBSA r\u00e9unira une trentaine [&hellip;]","og_url":"https:\/\/www.ibsasailing.com\/fr\/la-deuxieme-edition-de-la-coppa-ibsa-au-nom-du-sport-et-de-linclusion\/","og_site_name":"IBSA Sailing","article_publisher":"https:\/\/www.facebook.com\/ibsapharma\/","article_published_time":"2024-08-21T07:38:58+00:00","article_modified_time":"2024-12-19T13:56:30+00:00","og_image":[{"width":2055,"height":1370,"url":"https:\/\/www.ibsasailing.com\/wp-content\/uploads\/2024\/07\/100-e1722421942916.jpg","type":"image\/jpeg"}],"author":"Benedetta","twitter_card":"summary_large_image","twitter_misc":{"\u00c9crit par":"Benedetta","Dur\u00e9e de lecture estim\u00e9e":"2 minutes"},"schema":{"@context":"https:\/\/schema.org","@graph":[{"@type":"Article","@id":"https:\/\/www.ibsasailing.com\/fr\/la-deuxieme-edition-de-la-coppa-ibsa-au-nom-du-sport-et-de-linclusion\/#article","isPartOf":{"@id":"https:\/\/www.ibsasailing.com\/fr\/la-deuxieme-edition-de-la-coppa-ibsa-au-nom-du-sport-et-de-linclusion\/"},"author":{"name":"Benedetta","@id":"https:\/\/www.ibsasailing.com\/#\/schema\/person\/6941a0c6c8800bc9615ca42cb8e56eb4"},"headline":"La deuxi\u00e8me \u00e9dition de la Coppa\u00a0IBSA au nom du sport et de l\u2019inclusion","datePublished":"2024-08-21T07:38:58+00:00","dateModified":"2024-12-19T13:56:30+00:00","mainEntityOfPage":{"@id":"https:\/\/www.ibsasailing.com\/fr\/la-deuxieme-edition-de-la-coppa-ibsa-au-nom-du-sport-et-de-linclusion\/"},"wordCount":257,"publisher":{"@id":"https:\/\/www.ibsasailing.com\/#organization"},"image":{"@id":"https:\/\/www.ibsasailing.com\/fr\/la-deuxieme-edition-de-la-coppa-ibsa-au-nom-du-sport-et-de-linclusion\/#primaryimage"},"thumbnailUrl":"https:\/\/www.ibsasailing.com\/wp-content\/uploads\/2024\/07\/100-e1722421942916.jpg","articleSection":["Vela inclusiva Svizzera","Voile Solidaire"],"inLanguage":"fr-FR"},{"@type":"WebPage","@id":"https:\/\/www.ibsasailing.com\/fr\/la-deuxieme-edition-de-la-coppa-ibsa-au-nom-du-sport-et-de-linclusion\/","url":"https:\/\/www.ibsasailing.com\/fr\/la-deuxieme-edition-de-la-coppa-ibsa-au-nom-du-sport-et-de-linclusion\/","name":"La deuxi\u00e8me \u00e9dition de la Coppa\u00a0IBSA au nom du sport et de l\u2019inclusion - IBSA Sailing","isPartOf":{"@id":"https:\/\/www.ibsasailing.com\/#website"},"primaryImageOfPage":{"@id":"https:\/\/www.ibsasailing.com\/fr\/la-deuxieme-edition-de-la-coppa-ibsa-au-nom-du-sport-et-de-linclusion\/#primaryimage"},"image":{"@id":"https:\/\/www.ibsasailing.com\/fr\/la-deuxieme-edition-de-la-coppa-ibsa-au-nom-du-sport-et-de-linclusion\/#primaryimage"},"thumbnailUrl":"https:\/\/www.ibsasailing.com\/wp-content\/uploads\/2024\/07\/100-e1722421942916.jpg","datePublished":"2024-08-21T07:38:58+00:00","dateModified":"2024-12-19T13:56:30+00:00","breadcrumb":{"@id":"https:\/\/www.ibsasailing.com\/fr\/la-deuxieme-edition-de-la-coppa-ibsa-au-nom-du-sport-et-de-linclusion\/#breadcrumb"},"inLanguage":"fr-FR","potentialAction":[{"@type":"ReadAction","target":["https:\/\/www.ibsasailing.com\/fr\/la-deuxieme-edition-de-la-coppa-ibsa-au-nom-du-sport-et-de-linclusion\/"]}]},{"@type":"ImageObject","inLanguage":"fr-FR","@id":"https:\/\/www.ibsasailing.com\/fr\/la-deuxieme-edition-de-la-coppa-ibsa-au-nom-du-sport-et-de-linclusion\/#primaryimage","url":"https:\/\/www.ibsasailing.com\/wp-content\/uploads\/2024\/07\/100-e1722421942916.jpg","contentUrl":"https:\/\/www.ibsasailing.com\/wp-content\/uploads\/2024\/07\/100-e1722421942916.jpg","width":2055,"height":1370},{"@type":"BreadcrumbList","@id":"https:\/\/www.ibsasailing.com\/fr\/la-deuxieme-edition-de-la-coppa-ibsa-au-nom-du-sport-et-de-linclusion\/#breadcrumb","itemListElement":[{"@type":"ListItem","position":1,"name":"Home","item":"https:\/\/www.ibsasailing.com\/fr\/"},{"@type":"ListItem","position":2,"name":"La deuxi\u00e8me \u00e9dition de la Coppa\u00a0IBSA au nom du sport et de l\u2019inclusion"}]},{"@type":"WebSite","@id":"https:\/\/www.ibsasailing.com\/#website","url":"https:\/\/www.ibsasailing.com\/","name":"IBSA Sailing","description":"Sailing into the Future. Together","publisher":{"@id":"https:\/\/www.ibsasailing.com\/#organization"},"potentialAction":[{"@type":"SearchAction","target":{"@type":"EntryPoint","urlTemplate":"https:\/\/www.ibsasailing.com\/?s={search_term_string}"},"query-input":{"@type":"PropertyValueSpecification","valueRequired":true,"valueName":"search_term_string"}}],"inLanguage":"fr-FR"},{"@type":"Organization","@id":"https:\/\/www.ibsasailing.com\/#organization","name":"IBSA Sailing","url":"https:\/\/www.ibsasailing.com\/","logo":{"@type":"ImageObject","inLanguage":"fr-FR","@id":"https:\/\/www.ibsasailing.com\/#\/schema\/logo\/image\/","url":"https:\/\/www.ibsasailing.com\/wp-content\/uploads\/2022\/11\/IBSA_RdR_StartDay40-1-scaled.jpg","contentUrl":"https:\/\/www.ibsasailing.com\/wp-content\/uploads\/2022\/11\/IBSA_RdR_StartDay40-1-scaled.jpg","width":2560,"height":1523,"caption":"IBSA Sailing"},"image":{"@id":"https:\/\/www.ibsasailing.com\/#\/schema\/logo\/image\/"},"sameAs":["https:\/\/www.facebook.com\/ibsapharma\/"]},{"@type":"Person","@id":"https:\/\/www.ibsasailing.com\/#\/schema\/person\/6941a0c6c8800bc9615ca42cb8e56eb4","name":"Benedetta","image":{"@type":"ImageObject","inLanguage":"fr-FR","@id":"https:\/\/www.ibsasailing.com\/#\/schema\/person\/image\/","url":"https:\/\/secure.gravatar.com\/avatar\/7b6f4253d9e620c21deca72a80f18d0c62e3999630ce3fe961fea84856dd8ba0?s=96&d=mm&r=g","contentUrl":"https:\/\/secure.gravatar.com\/avatar\/7b6f4253d9e620c21deca72a80f18d0c62e3999630ce3fe961fea84856dd8ba0?s=96&d=mm&r=g","caption":"Benedetta"},"url":"https:\/\/www.ibsasailing.com\/fr\/author\/admin_noesis\/"}]}},"_links":{"self":[{"href":"https:\/\/www.ibsasailing.com\/fr\/wp-json\/wp\/v2\/posts\/8354","targetHints":{"allow":["GET"]}}],"collection":[{"href":"https:\/\/www.ibsasailing.com\/fr\/wp-json\/wp\/v2\/posts"}],"about":[{"href":"https:\/\/www.ibsasailing.com\/fr\/wp-json\/wp\/v2\/types\/post"}],"author":[{"embeddable":true,"href":"https:\/\/www.ibsasailing.com\/fr\/wp-json\/wp\/v2\/users\/6"}],"replies":[{"embeddable":true,"href":"https:\/\/www.ibsasailing.com\/fr\/wp-json\/wp\/v2\/comments?post=8354"}],"version-history":[{"count":2,"href":"https:\/\/www.ibsasailing.com\/fr\/wp-json\/wp\/v2\/posts\/8354\/revisions"}],"predecessor-version":[{"id":8363,"href":"https:\/\/www.ibsasailing.com\/fr\/wp-json\/wp\/v2\/posts\/8354\/revisions\/8363"}],"wp:featuredmedia":[{"embeddable":true,"href":"https:\/\/www.ibsasailing.com\/fr\/wp-json\/wp\/v2\/media\/8205"}],"wp:attachment":[{"href":"https:\/\/www.ibsasailing.com\/fr\/wp-json\/wp\/v2\/media?parent=8354"}],"wp:term":[{"taxonomy":"category","embeddable":true,"href":"https:\/\/www.ibsasailing.com\/fr\/wp-json\/wp\/v2\/categories?post=8354"},{"taxonomy":"post_tag","embeddable":true,"href":"https:\/\/www.ibsasailing.com\/fr\/wp-json\/wp\/v2\/tags?post=8354"}],"curies":[{"name":"wp","href":"https:\/\/api.w.org\/{rel}","templated":true}]}}